{"id":986,"date":"2018-05-17T17:39:02","date_gmt":"2018-05-17T15:39:02","guid":{"rendered":"http:\/\/dom-glina.hr\/?p=986"},"modified":"2018-05-17T17:39:34","modified_gmt":"2018-05-17T15:39:34","slug":"svecano-otvorenje-doma-za-starije-osobe-u-glini","status":"publish","type":"post","link":"https:\/\/dom-glina.hr\/?p=986","title":{"rendered":"Sve\u010dano otvorenje Doma za starije osobe u Glini"},"content":{"rendered":"<p style=\"text-align: justify;\">Dana 7. svibnja 2018. godine, odr\u017eano je sve\u010dano otvorenje Doma za starije osobe u Glini.<\/p>\n<p style=\"text-align: justify;\">Dom za starije osobe u Glini kapacitiran je za smje\u0161taj 74 osobe.<\/p>\n<p style=\"text-align: justify;\">Dom za starije osobe u Glini, izgra\u0111en je u sklopu Regionalnog programa stambenog zbrinjavanja kojeg u Republici Hrvatskoj provodi Sredi\u0161nji dr\u017eavni ured za obnovu i stambeno zbrinjavanje.<\/p>\n<p style=\"text-align: justify;\">Opremanje i izgradnja ovog doma, ukupne vrijednosti gotovo 31 milijun kuna, realizirana je donatorskim sredstvima iz Fonda Regionalnog programa stambenog zbrinjavanja, prije svega donatorskim sredstvima Europske unije, Sjedinjenih Ameri\u010dkih Dr\u017eava te drugih donatora, uz nacionalno sufinanciranje iz dr\u017eavnog prora\u010duna u visini od 25% ukupne vrijednosti projekta.<\/p>\n<p style=\"text-align: justify;\">Pri sve\u010danom otvaranju Doma u Glini prisutnima su se obratili izaslanik predsjednice Republike Hrvatske, \u017eupan Sisa\u010dko-moslava\u010dke \u017eupanije g. Ivo \u017dini\u0107, zatim izaslanica ministrice za demografiju, obitelj, mlade i socijalnu politiku, dr\u017eavna tajnica Marija Pletikosa, gradona\u010delnik grada Gline g. Stjepan Kostanjevi\u0107, predstavnica Europske komisije u Republici Hrvatskoj g\u0111a. Rima Joujou &#8211; Deljki\u0107, predstavnik UNHCR-a u Republici Hrvatskoj g. Giuseppe Di Caro, ravnateljica Doma za starije osobe u Glini g\u0111a. Renata Tominovi\u0107 &#8211; Cekovi\u0107 te doma\u0107in ove sve\u010danosti, dr\u017eavni tajnik Sredi\u0161njeg dr\u017eavnog ureda za obnovu i stambeno zbrinjavanje, g. Nikola Ma\u017ear.<\/p>\n<p>&nbsp;<\/p>\n<!-- default-view.php -->\n<div\n\tclass=\"ngg-galleryoverview default-view \n\t ngg-ajax-pagination-none\t\"\n\tid=\"ngg-gallery-cbe1d806d73d461ad6fdaca9dc6d6982-1\">\n\n\t\t<!-- Thumbnails -->\n\t\t\t\t<div id=\"ngg-image-0\" class=\"ngg-gallery-thumbnail-box \n\t\t\t\t\t\t\t\t\t\t\t\" \n\t\t\t>\n\t\t\t\t\t\t<div class=\"ngg-gallery-thumbnail\">\n\t\t\t<a href=\"https:\/\/dom-glina.hr\/wp-content\/gallery\/svecano-otvorenje-doma-za-starije-osobe-u-glini\/17e5fb7171872d998a2a.jpg\"\n\t\t\t\ttitle=\"\"\n\t\t\t\tdata-src=\"https:\/\/dom-glina.hr\/wp-content\/gallery\/svecano-otvorenje-doma-za-starije-osobe-u-glini\/17e5fb7171872d998a2a.jpg\"\n\t\t\t\tdata-thumbnail=\"https:\/\/dom-glina.hr\/wp-content\/gallery\/svecano-otvorenje-doma-za-starije-osobe-u-glini\/thumbs\/thumbs_17e5fb7171872d998a2a.jpg\"\n\t\t\t\tdata-image-id=\"39\"\n\t\t\t\tdata-title=\"17e5fb7171872d998a2a\"\n\t\t\t\tdata-description=\"\"\n\t\t\t\tdata-image-slug=\"17e5fb7171872d998a2a\"\n\t\t\t\tclass=\"ngg-fancybox\" rel=\"cbe1d806d73d461ad6fdaca9dc6d6982\">\n\t\t\t\t<img\n\t\t\t\t\ttitle=\"17e5fb7171872d998a2a\"\n\t\t\t\t\talt=\"17e5fb7171872d998a2a\"\n\t\t\t\t\tsrc=\"https:\/\/dom-glina.hr\/wp-content\/gallery\/svecano-otvorenje-doma-za-starije-osobe-u-glini\/thumbs\/thumbs_17e5fb7171872d998a2a.jpg\"\n\t\t\t\t\twidth=\"240\"\n\t\t\t\t\theight=\"160\"\n\t\t\t\t\tstyle=\"max-width:100%;\"\n\t\t\t\t\/>\n\t\t\t<\/a>\n\t\t<\/div>\n\t\t\t\t\t\t\t<\/div> \n\t\t\t\n\t\t\t\t<div id=\"ngg-image-1\" class=\"ngg-gallery-thumbnail-box \n\t\t\t\t\t\t\t\t\t\t\t\" \n\t\t\t>\n\t\t\t\t\t\t<div class=\"ngg-gallery-thumbnail\">\n\t\t\t<a href=\"https:\/\/dom-glina.hr\/wp-content\/gallery\/svecano-otvorenje-doma-za-starije-osobe-u-glini\/44d45e2d13d14dfb4ad7.jpg\"\n\t\t\t\ttitle=\"\"\n\t\t\t\tdata-src=\"https:\/\/dom-glina.hr\/wp-content\/gallery\/svecano-otvorenje-doma-za-starije-osobe-u-glini\/44d45e2d13d14dfb4ad7.jpg\"\n\t\t\t\tdata-thumbnail=\"https:\/\/dom-glina.hr\/wp-content\/gallery\/svecano-otvorenje-doma-za-starije-osobe-u-glini\/thumbs\/thumbs_44d45e2d13d14dfb4ad7.jpg\"\n\t\t\t\tdata-image-id=\"40\"\n\t\t\t\tdata-title=\"44d45e2d13d14dfb4ad7\"\n\t\t\t\tdata-description=\"\"\n\t\t\t\tdata-image-slug=\"44d45e2d13d14dfb4ad7\"\n\t\t\t\tclass=\"ngg-fancybox\" rel=\"cbe1d806d73d461ad6fdaca9dc6d6982\">\n\t\t\t\t<img\n\t\t\t\t\ttitle=\"44d45e2d13d14dfb4ad7\"\n\t\t\t\t\talt=\"44d45e2d13d14dfb4ad7\"\n\t\t\t\t\tsrc=\"https:\/\/dom-glina.hr\/wp-content\/gallery\/svecano-otvorenje-doma-za-starije-osobe-u-glini\/thumbs\/thumbs_44d45e2d13d14dfb4ad7.jpg\"\n\t\t\t\t\twidth=\"240\"\n\t\t\t\t\theight=\"160\"\n\t\t\t\t\tstyle=\"max-width:100%;\"\n\t\t\t\t\/>\n\t\t\t<\/a>\n\t\t<\/div>\n\t\t\t\t\t\t\t<\/div> \n\t\t\t\n\t\t\t\t<div id=\"ngg-image-2\" class=\"ngg-gallery-thumbnail-box \n\t\t\t\t\t\t\t\t\t\t\t\" \n\t\t\t>\n\t\t\t\t\t\t<div class=\"ngg-gallery-thumbnail\">\n\t\t\t<a href=\"https:\/\/dom-glina.hr\/wp-content\/gallery\/svecano-otvorenje-doma-za-starije-osobe-u-glini\/2432f700ec2fd18887ec.jpg\"\n\t\t\t\ttitle=\"\"\n\t\t\t\tdata-src=\"https:\/\/dom-glina.hr\/wp-content\/gallery\/svecano-otvorenje-doma-za-starije-osobe-u-glini\/2432f700ec2fd18887ec.jpg\"\n\t\t\t\tdata-thumbnail=\"https:\/\/dom-glina.hr\/wp-content\/gallery\/svecano-otvorenje-doma-za-starije-osobe-u-glini\/thumbs\/thumbs_2432f700ec2fd18887ec.jpg\"\n\t\t\t\tdata-image-id=\"41\"\n\t\t\t\tdata-title=\"2432f700ec2fd18887ec\"\n\t\t\t\tdata-description=\"\"\n\t\t\t\tdata-image-slug=\"2432f700ec2fd18887ec\"\n\t\t\t\tclass=\"ngg-fancybox\" rel=\"cbe1d806d73d461ad6fdaca9dc6d6982\">\n\t\t\t\t<img\n\t\t\t\t\ttitle=\"2432f700ec2fd18887ec\"\n\t\t\t\t\talt=\"2432f700ec2fd18887ec\"\n\t\t\t\t\tsrc=\"https:\/\/dom-glina.hr\/wp-content\/gallery\/svecano-otvorenje-doma-za-starije-osobe-u-glini\/thumbs\/thumbs_2432f700ec2fd18887ec.jpg\"\n\t\t\t\t\twidth=\"240\"\n\t\t\t\t\theight=\"160\"\n\t\t\t\t\tstyle=\"max-width:100%;\"\n\t\t\t\t\/>\n\t\t\t<\/a>\n\t\t<\/div>\n\t\t\t\t\t\t\t<\/div> \n\t\t\t\n\t\t\t\t<div id=\"ngg-image-3\" class=\"ngg-gallery-thumbnail-box \n\t\t\t\t\t\t\t\t\t\t\t\" \n\t\t\t>\n\t\t\t\t\t\t<div class=\"ngg-gallery-thumbnail\">\n\t\t\t<a href=\"https:\/\/dom-glina.hr\/wp-content\/gallery\/svecano-otvorenje-doma-za-starije-osobe-u-glini\/ad726db01709636c51ba.jpg\"\n\t\t\t\ttitle=\"\"\n\t\t\t\tdata-src=\"https:\/\/dom-glina.hr\/wp-content\/gallery\/svecano-otvorenje-doma-za-starije-osobe-u-glini\/ad726db01709636c51ba.jpg\"\n\t\t\t\tdata-thumbnail=\"https:\/\/dom-glina.hr\/wp-content\/gallery\/svecano-otvorenje-doma-za-starije-osobe-u-glini\/thumbs\/thumbs_ad726db01709636c51ba.jpg\"\n\t\t\t\tdata-image-id=\"42\"\n\t\t\t\tdata-title=\"ad726db01709636c51ba\"\n\t\t\t\tdata-description=\"\"\n\t\t\t\tdata-image-slug=\"ad726db01709636c51ba\"\n\t\t\t\tclass=\"ngg-fancybox\" rel=\"cbe1d806d73d461ad6fdaca9dc6d6982\">\n\t\t\t\t<img\n\t\t\t\t\ttitle=\"ad726db01709636c51ba\"\n\t\t\t\t\talt=\"ad726db01709636c51ba\"\n\t\t\t\t\tsrc=\"https:\/\/dom-glina.hr\/wp-content\/gallery\/svecano-otvorenje-doma-za-starije-osobe-u-glini\/thumbs\/thumbs_ad726db01709636c51ba.jpg\"\n\t\t\t\t\twidth=\"240\"\n\t\t\t\t\theight=\"160\"\n\t\t\t\t\tstyle=\"max-width:100%;\"\n\t\t\t\t\/>\n\t\t\t<\/a>\n\t\t<\/div>\n\t\t\t\t\t\t\t<\/div> \n\t\t\t\n\t\t\t\t<div id=\"ngg-image-4\" class=\"ngg-gallery-thumbnail-box \n\t\t\t\t\t\t\t\t\t\t\t\" \n\t\t\t>\n\t\t\t\t\t\t<div class=\"ngg-gallery-thumbnail\">\n\t\t\t<a href=\"https:\/\/dom-glina.hr\/wp-content\/gallery\/svecano-otvorenje-doma-za-starije-osobe-u-glini\/ceca106b4c1211cb9bc2.jpg\"\n\t\t\t\ttitle=\"\"\n\t\t\t\tdata-src=\"https:\/\/dom-glina.hr\/wp-content\/gallery\/svecano-otvorenje-doma-za-starije-osobe-u-glini\/ceca106b4c1211cb9bc2.jpg\"\n\t\t\t\tdata-thumbnail=\"https:\/\/dom-glina.hr\/wp-content\/gallery\/svecano-otvorenje-doma-za-starije-osobe-u-glini\/thumbs\/thumbs_ceca106b4c1211cb9bc2.jpg\"\n\t\t\t\tdata-image-id=\"43\"\n\t\t\t\tdata-title=\"ceca106b4c1211cb9bc2\"\n\t\t\t\tdata-description=\"\"\n\t\t\t\tdata-image-slug=\"ceca106b4c1211cb9bc2\"\n\t\t\t\tclass=\"ngg-fancybox\" rel=\"cbe1d806d73d461ad6fdaca9dc6d6982\">\n\t\t\t\t<img\n\t\t\t\t\ttitle=\"ceca106b4c1211cb9bc2\"\n\t\t\t\t\talt=\"ceca106b4c1211cb9bc2\"\n\t\t\t\t\tsrc=\"https:\/\/dom-glina.hr\/wp-content\/gallery\/svecano-otvorenje-doma-za-starije-osobe-u-glini\/thumbs\/thumbs_ceca106b4c1211cb9bc2.jpg\"\n\t\t\t\t\twidth=\"240\"\n\t\t\t\t\theight=\"160\"\n\t\t\t\t\tstyle=\"max-width:100%;\"\n\t\t\t\t\/>\n\t\t\t<\/a>\n\t\t<\/div>\n\t\t\t\t\t\t\t<\/div> \n\t\t\t\n\t\t\t\t<div id=\"ngg-image-5\" class=\"ngg-gallery-thumbnail-box \n\t\t\t\t\t\t\t\t\t\t\t\" \n\t\t\t>\n\t\t\t\t\t\t<div class=\"ngg-gallery-thumbnail\">\n\t\t\t<a href=\"https:\/\/dom-glina.hr\/wp-content\/gallery\/svecano-otvorenje-doma-za-starije-osobe-u-glini\/Dom_Glina-6.jpg\"\n\t\t\t\ttitle=\"\"\n\t\t\t\tdata-src=\"https:\/\/dom-glina.hr\/wp-content\/gallery\/svecano-otvorenje-doma-za-starije-osobe-u-glini\/Dom_Glina-6.jpg\"\n\t\t\t\tdata-thumbnail=\"https:\/\/dom-glina.hr\/wp-content\/gallery\/svecano-otvorenje-doma-za-starije-osobe-u-glini\/thumbs\/thumbs_Dom_Glina-6.jpg\"\n\t\t\t\tdata-image-id=\"44\"\n\t\t\t\tdata-title=\"Dom_Glina-(6)\"\n\t\t\t\tdata-description=\"\"\n\t\t\t\tdata-image-slug=\"dom_glina-6\"\n\t\t\t\tclass=\"ngg-fancybox\" rel=\"cbe1d806d73d461ad6fdaca9dc6d6982\">\n\t\t\t\t<img\n\t\t\t\t\ttitle=\"Dom_Glina-(6)\"\n\t\t\t\t\talt=\"Dom_Glina-(6)\"\n\t\t\t\t\tsrc=\"https:\/\/dom-glina.hr\/wp-content\/gallery\/svecano-otvorenje-doma-za-starije-osobe-u-glini\/thumbs\/thumbs_Dom_Glina-6.jpg\"\n\t\t\t\t\twidth=\"240\"\n\t\t\t\t\theight=\"160\"\n\t\t\t\t\tstyle=\"max-width:100%;\"\n\t\t\t\t\/>\n\t\t\t<\/a>\n\t\t<\/div>\n\t\t\t\t\t\t\t<\/div> \n\t\t\t\n\t\t\t\t<div id=\"ngg-image-6\" class=\"ngg-gallery-thumbnail-box \n\t\t\t\t\t\t\t\t\t\t\t\" \n\t\t\t>\n\t\t\t\t\t\t<div class=\"ngg-gallery-thumbnail\">\n\t\t\t<a href=\"https:\/\/dom-glina.hr\/wp-content\/gallery\/svecano-otvorenje-doma-za-starije-osobe-u-glini\/Dom_Glina-9.jpg\"\n\t\t\t\ttitle=\"\"\n\t\t\t\tdata-src=\"https:\/\/dom-glina.hr\/wp-content\/gallery\/svecano-otvorenje-doma-za-starije-osobe-u-glini\/Dom_Glina-9.jpg\"\n\t\t\t\tdata-thumbnail=\"https:\/\/dom-glina.hr\/wp-content\/gallery\/svecano-otvorenje-doma-za-starije-osobe-u-glini\/thumbs\/thumbs_Dom_Glina-9.jpg\"\n\t\t\t\tdata-image-id=\"45\"\n\t\t\t\tdata-title=\"Dom_Glina-(9)\"\n\t\t\t\tdata-description=\"\"\n\t\t\t\tdata-image-slug=\"dom_glina-9\"\n\t\t\t\tclass=\"ngg-fancybox\" rel=\"cbe1d806d73d461ad6fdaca9dc6d6982\">\n\t\t\t\t<img\n\t\t\t\t\ttitle=\"Dom_Glina-(9)\"\n\t\t\t\t\talt=\"Dom_Glina-(9)\"\n\t\t\t\t\tsrc=\"https:\/\/dom-glina.hr\/wp-content\/gallery\/svecano-otvorenje-doma-za-starije-osobe-u-glini\/thumbs\/thumbs_Dom_Glina-9.jpg\"\n\t\t\t\t\twidth=\"240\"\n\t\t\t\t\theight=\"160\"\n\t\t\t\t\tstyle=\"max-width:100%;\"\n\t\t\t\t\/>\n\t\t\t<\/a>\n\t\t<\/div>\n\t\t\t\t\t\t\t<\/div> \n\t\t\t\n\t\t\t\t<div id=\"ngg-image-7\" class=\"ngg-gallery-thumbnail-box \n\t\t\t\t\t\t\t\t\t\t\t\" \n\t\t\t>\n\t\t\t\t\t\t<div class=\"ngg-gallery-thumbnail\">\n\t\t\t<a href=\"https:\/\/dom-glina.hr\/wp-content\/gallery\/svecano-otvorenje-doma-za-starije-osobe-u-glini\/f4205f83437bbbabd0af.jpg\"\n\t\t\t\ttitle=\"\"\n\t\t\t\tdata-src=\"https:\/\/dom-glina.hr\/wp-content\/gallery\/svecano-otvorenje-doma-za-starije-osobe-u-glini\/f4205f83437bbbabd0af.jpg\"\n\t\t\t\tdata-thumbnail=\"https:\/\/dom-glina.hr\/wp-content\/gallery\/svecano-otvorenje-doma-za-starije-osobe-u-glini\/thumbs\/thumbs_f4205f83437bbbabd0af.jpg\"\n\t\t\t\tdata-image-id=\"46\"\n\t\t\t\tdata-title=\"f4205f83437bbbabd0af\"\n\t\t\t\tdata-description=\"\"\n\t\t\t\tdata-image-slug=\"f4205f83437bbbabd0af\"\n\t\t\t\tclass=\"ngg-fancybox\" rel=\"cbe1d806d73d461ad6fdaca9dc6d6982\">\n\t\t\t\t<img\n\t\t\t\t\ttitle=\"f4205f83437bbbabd0af\"\n\t\t\t\t\talt=\"f4205f83437bbbabd0af\"\n\t\t\t\t\tsrc=\"https:\/\/dom-glina.hr\/wp-content\/gallery\/svecano-otvorenje-doma-za-starije-osobe-u-glini\/thumbs\/thumbs_f4205f83437bbbabd0af.jpg\"\n\t\t\t\t\twidth=\"240\"\n\t\t\t\t\theight=\"160\"\n\t\t\t\t\tstyle=\"max-width:100%;\"\n\t\t\t\t\/>\n\t\t\t<\/a>\n\t\t<\/div>\n\t\t\t\t\t\t\t<\/div> \n\t\t\t\n\t\t\t\t<div id=\"ngg-image-8\" class=\"ngg-gallery-thumbnail-box \n\t\t\t\t\t\t\t\t\t\t\t\" \n\t\t\t>\n\t\t\t\t\t\t<div class=\"ngg-gallery-thumbnail\">\n\t\t\t<a href=\"https:\/\/dom-glina.hr\/wp-content\/gallery\/svecano-otvorenje-doma-za-starije-osobe-u-glini\/glina_dom2-070518.jpg\"\n\t\t\t\ttitle=\"\"\n\t\t\t\tdata-src=\"https:\/\/dom-glina.hr\/wp-content\/gallery\/svecano-otvorenje-doma-za-starije-osobe-u-glini\/glina_dom2-070518.jpg\"\n\t\t\t\tdata-thumbnail=\"https:\/\/dom-glina.hr\/wp-content\/gallery\/svecano-otvorenje-doma-za-starije-osobe-u-glini\/thumbs\/thumbs_glina_dom2-070518.jpg\"\n\t\t\t\tdata-image-id=\"47\"\n\t\t\t\tdata-title=\"glina_dom2-070518\"\n\t\t\t\tdata-description=\"\"\n\t\t\t\tdata-image-slug=\"glina_dom2-070518\"\n\t\t\t\tclass=\"ngg-fancybox\" rel=\"cbe1d806d73d461ad6fdaca9dc6d6982\">\n\t\t\t\t<img\n\t\t\t\t\ttitle=\"glina_dom2-070518\"\n\t\t\t\t\talt=\"glina_dom2-070518\"\n\t\t\t\t\tsrc=\"https:\/\/dom-glina.hr\/wp-content\/gallery\/svecano-otvorenje-doma-za-starije-osobe-u-glini\/thumbs\/thumbs_glina_dom2-070518.jpg\"\n\t\t\t\t\twidth=\"240\"\n\t\t\t\t\theight=\"160\"\n\t\t\t\t\tstyle=\"max-width:100%;\"\n\t\t\t\t\/>\n\t\t\t<\/a>\n\t\t<\/div>\n\t\t\t\t\t\t\t<\/div> \n\t\t\t\n\t\t\t\t<div id=\"ngg-image-9\" class=\"ngg-gallery-thumbnail-box \n\t\t\t\t\t\t\t\t\t\t\t\" \n\t\t\t>\n\t\t\t\t\t\t<div class=\"ngg-gallery-thumbnail\">\n\t\t\t<a href=\"https:\/\/dom-glina.hr\/wp-content\/gallery\/svecano-otvorenje-doma-za-starije-osobe-u-glini\/glina_dom3-070518.jpg\"\n\t\t\t\ttitle=\"\"\n\t\t\t\tdata-src=\"https:\/\/dom-glina.hr\/wp-content\/gallery\/svecano-otvorenje-doma-za-starije-osobe-u-glini\/glina_dom3-070518.jpg\"\n\t\t\t\tdata-thumbnail=\"https:\/\/dom-glina.hr\/wp-content\/gallery\/svecano-otvorenje-doma-za-starije-osobe-u-glini\/thumbs\/thumbs_glina_dom3-070518.jpg\"\n\t\t\t\tdata-image-id=\"48\"\n\t\t\t\tdata-title=\"glina_dom3-070518\"\n\t\t\t\tdata-description=\"\"\n\t\t\t\tdata-image-slug=\"glina_dom3-070518\"\n\t\t\t\tclass=\"ngg-fancybox\" rel=\"cbe1d806d73d461ad6fdaca9dc6d6982\">\n\t\t\t\t<img\n\t\t\t\t\ttitle=\"glina_dom3-070518\"\n\t\t\t\t\talt=\"glina_dom3-070518\"\n\t\t\t\t\tsrc=\"https:\/\/dom-glina.hr\/wp-content\/gallery\/svecano-otvorenje-doma-za-starije-osobe-u-glini\/thumbs\/thumbs_glina_dom3-070518.jpg\"\n\t\t\t\t\twidth=\"240\"\n\t\t\t\t\theight=\"160\"\n\t\t\t\t\tstyle=\"max-width:100%;\"\n\t\t\t\t\/>\n\t\t\t<\/a>\n\t\t<\/div>\n\t\t\t\t\t\t\t<\/div> \n\t\t\t\n\t\t\t\t<div id=\"ngg-image-10\" class=\"ngg-gallery-thumbnail-box \n\t\t\t\t\t\t\t\t\t\t\t\" \n\t\t\t>\n\t\t\t\t\t\t<div class=\"ngg-gallery-thumbnail\">\n\t\t\t<a href=\"https:\/\/dom-glina.hr\/wp-content\/gallery\/svecano-otvorenje-doma-za-starije-osobe-u-glini\/P5071686-800x400.jpg\"\n\t\t\t\ttitle=\"\"\n\t\t\t\tdata-src=\"https:\/\/dom-glina.hr\/wp-content\/gallery\/svecano-otvorenje-doma-za-starije-osobe-u-glini\/P5071686-800x400.jpg\"\n\t\t\t\tdata-thumbnail=\"https:\/\/dom-glina.hr\/wp-content\/gallery\/svecano-otvorenje-doma-za-starije-osobe-u-glini\/thumbs\/thumbs_P5071686-800x400.jpg\"\n\t\t\t\tdata-image-id=\"49\"\n\t\t\t\tdata-title=\"P5071686-800x400\"\n\t\t\t\tdata-description=\"\"\n\t\t\t\tdata-image-slug=\"p5071686-800x400\"\n\t\t\t\tclass=\"ngg-fancybox\" rel=\"cbe1d806d73d461ad6fdaca9dc6d6982\">\n\t\t\t\t<img\n\t\t\t\t\ttitle=\"P5071686-800x400\"\n\t\t\t\t\talt=\"P5071686-800x400\"\n\t\t\t\t\tsrc=\"https:\/\/dom-glina.hr\/wp-content\/gallery\/svecano-otvorenje-doma-za-starije-osobe-u-glini\/thumbs\/thumbs_P5071686-800x400.jpg\"\n\t\t\t\t\twidth=\"240\"\n\t\t\t\t\theight=\"160\"\n\t\t\t\t\tstyle=\"max-width:100%;\"\n\t\t\t\t\/>\n\t\t\t<\/a>\n\t\t<\/div>\n\t\t\t\t\t\t\t<\/div> \n\t\t\t\n\t\t\t\t<div id=\"ngg-image-11\" class=\"ngg-gallery-thumbnail-box \n\t\t\t\t\t\t\t\t\t\t\t\" \n\t\t\t>\n\t\t\t\t\t\t<div class=\"ngg-gallery-thumbnail\">\n\t\t\t<a href=\"https:\/\/dom-glina.hr\/wp-content\/gallery\/svecano-otvorenje-doma-za-starije-osobe-u-glini\/P5071701-800x400.jpg\"\n\t\t\t\ttitle=\"\"\n\t\t\t\tdata-src=\"https:\/\/dom-glina.hr\/wp-content\/gallery\/svecano-otvorenje-doma-za-starije-osobe-u-glini\/P5071701-800x400.jpg\"\n\t\t\t\tdata-thumbnail=\"https:\/\/dom-glina.hr\/wp-content\/gallery\/svecano-otvorenje-doma-za-starije-osobe-u-glini\/thumbs\/thumbs_P5071701-800x400.jpg\"\n\t\t\t\tdata-image-id=\"50\"\n\t\t\t\tdata-title=\"P5071701-800x400\"\n\t\t\t\tdata-description=\"\"\n\t\t\t\tdata-image-slug=\"p5071701-800x400\"\n\t\t\t\tclass=\"ngg-fancybox\" rel=\"cbe1d806d73d461ad6fdaca9dc6d6982\">\n\t\t\t\t<img\n\t\t\t\t\ttitle=\"P5071701-800x400\"\n\t\t\t\t\talt=\"P5071701-800x400\"\n\t\t\t\t\tsrc=\"https:\/\/dom-glina.hr\/wp-content\/gallery\/svecano-otvorenje-doma-za-starije-osobe-u-glini\/thumbs\/thumbs_P5071701-800x400.jpg\"\n\t\t\t\t\twidth=\"240\"\n\t\t\t\t\theight=\"160\"\n\t\t\t\t\tstyle=\"max-width:100%;\"\n\t\t\t\t\/>\n\t\t\t<\/a>\n\t\t<\/div>\n\t\t\t\t\t\t\t<\/div> \n\t\t\t\n\t\t\t\t<div id=\"ngg-image-12\" class=\"ngg-gallery-thumbnail-box \n\t\t\t\t\t\t\t\t\t\t\t\" \n\t\t\t>\n\t\t\t\t\t\t<div class=\"ngg-gallery-thumbnail\">\n\t\t\t<a href=\"https:\/\/dom-glina.hr\/wp-content\/gallery\/svecano-otvorenje-doma-za-starije-osobe-u-glini\/P5071718-800x400.jpg\"\n\t\t\t\ttitle=\"\"\n\t\t\t\tdata-src=\"https:\/\/dom-glina.hr\/wp-content\/gallery\/svecano-otvorenje-doma-za-starije-osobe-u-glini\/P5071718-800x400.jpg\"\n\t\t\t\tdata-thumbnail=\"https:\/\/dom-glina.hr\/wp-content\/gallery\/svecano-otvorenje-doma-za-starije-osobe-u-glini\/thumbs\/thumbs_P5071718-800x400.jpg\"\n\t\t\t\tdata-image-id=\"51\"\n\t\t\t\tdata-title=\"P5071718-800x400\"\n\t\t\t\tdata-description=\"\"\n\t\t\t\tdata-image-slug=\"p5071718-800x400\"\n\t\t\t\tclass=\"ngg-fancybox\" rel=\"cbe1d806d73d461ad6fdaca9dc6d6982\">\n\t\t\t\t<img\n\t\t\t\t\ttitle=\"P5071718-800x400\"\n\t\t\t\t\talt=\"P5071718-800x400\"\n\t\t\t\t\tsrc=\"https:\/\/dom-glina.hr\/wp-content\/gallery\/svecano-otvorenje-doma-za-starije-osobe-u-glini\/thumbs\/thumbs_P5071718-800x400.jpg\"\n\t\t\t\t\twidth=\"240\"\n\t\t\t\t\theight=\"160\"\n\t\t\t\t\tstyle=\"max-width:100%;\"\n\t\t\t\t\/>\n\t\t\t<\/a>\n\t\t<\/div>\n\t\t\t\t\t\t\t<\/div> \n\t\t\t\n\t\t\t\t<div id=\"ngg-image-13\" class=\"ngg-gallery-thumbnail-box \n\t\t\t\t\t\t\t\t\t\t\t\" \n\t\t\t>\n\t\t\t\t\t\t<div class=\"ngg-gallery-thumbnail\">\n\t\t\t<a href=\"https:\/\/dom-glina.hr\/wp-content\/gallery\/svecano-otvorenje-doma-za-starije-osobe-u-glini\/P5071725-800x400.jpg\"\n\t\t\t\ttitle=\"\"\n\t\t\t\tdata-src=\"https:\/\/dom-glina.hr\/wp-content\/gallery\/svecano-otvorenje-doma-za-starije-osobe-u-glini\/P5071725-800x400.jpg\"\n\t\t\t\tdata-thumbnail=\"https:\/\/dom-glina.hr\/wp-content\/gallery\/svecano-otvorenje-doma-za-starije-osobe-u-glini\/thumbs\/thumbs_P5071725-800x400.jpg\"\n\t\t\t\tdata-image-id=\"52\"\n\t\t\t\tdata-title=\"P5071725-800x400\"\n\t\t\t\tdata-description=\"\"\n\t\t\t\tdata-image-slug=\"p5071725-800x400\"\n\t\t\t\tclass=\"ngg-fancybox\" rel=\"cbe1d806d73d461ad6fdaca9dc6d6982\">\n\t\t\t\t<img\n\t\t\t\t\ttitle=\"P5071725-800x400\"\n\t\t\t\t\talt=\"P5071725-800x400\"\n\t\t\t\t\tsrc=\"https:\/\/dom-glina.hr\/wp-content\/gallery\/svecano-otvorenje-doma-za-starije-osobe-u-glini\/thumbs\/thumbs_P5071725-800x400.jpg\"\n\t\t\t\t\twidth=\"240\"\n\t\t\t\t\theight=\"160\"\n\t\t\t\t\tstyle=\"max-width:100%;\"\n\t\t\t\t\/>\n\t\t\t<\/a>\n\t\t<\/div>\n\t\t\t\t\t\t\t<\/div> \n\t\t\t\n\t\t\t\t<div id=\"ngg-image-14\" class=\"ngg-gallery-thumbnail-box \n\t\t\t\t\t\t\t\t\t\t\t\" \n\t\t\t>\n\t\t\t\t\t\t<div class=\"ngg-gallery-thumbnail\">\n\t\t\t<a href=\"https:\/\/dom-glina.hr\/wp-content\/gallery\/svecano-otvorenje-doma-za-starije-osobe-u-glini\/P5071734-800x400.jpg\"\n\t\t\t\ttitle=\"\"\n\t\t\t\tdata-src=\"https:\/\/dom-glina.hr\/wp-content\/gallery\/svecano-otvorenje-doma-za-starije-osobe-u-glini\/P5071734-800x400.jpg\"\n\t\t\t\tdata-thumbnail=\"https:\/\/dom-glina.hr\/wp-content\/gallery\/svecano-otvorenje-doma-za-starije-osobe-u-glini\/thumbs\/thumbs_P5071734-800x400.jpg\"\n\t\t\t\tdata-image-id=\"53\"\n\t\t\t\tdata-title=\"P5071734-800x400\"\n\t\t\t\tdata-description=\"\"\n\t\t\t\tdata-image-slug=\"p5071734-800x400\"\n\t\t\t\tclass=\"ngg-fancybox\" rel=\"cbe1d806d73d461ad6fdaca9dc6d6982\">\n\t\t\t\t<img\n\t\t\t\t\ttitle=\"P5071734-800x400\"\n\t\t\t\t\talt=\"P5071734-800x400\"\n\t\t\t\t\tsrc=\"https:\/\/dom-glina.hr\/wp-content\/gallery\/svecano-otvorenje-doma-za-starije-osobe-u-glini\/thumbs\/thumbs_P5071734-800x400.jpg\"\n\t\t\t\t\twidth=\"240\"\n\t\t\t\t\theight=\"160\"\n\t\t\t\t\tstyle=\"max-width:100%;\"\n\t\t\t\t\/>\n\t\t\t<\/a>\n\t\t<\/div>\n\t\t\t\t\t\t\t<\/div> \n\t\t\t\n\t\t\t\t<div id=\"ngg-image-15\" class=\"ngg-gallery-thumbnail-box \n\t\t\t\t\t\t\t\t\t\t\t\" \n\t\t\t>\n\t\t\t\t\t\t<div class=\"ngg-gallery-thumbnail\">\n\t\t\t<a href=\"https:\/\/dom-glina.hr\/wp-content\/gallery\/svecano-otvorenje-doma-za-starije-osobe-u-glini\/P5071735-800x400.jpg\"\n\t\t\t\ttitle=\"\"\n\t\t\t\tdata-src=\"https:\/\/dom-glina.hr\/wp-content\/gallery\/svecano-otvorenje-doma-za-starije-osobe-u-glini\/P5071735-800x400.jpg\"\n\t\t\t\tdata-thumbnail=\"https:\/\/dom-glina.hr\/wp-content\/gallery\/svecano-otvorenje-doma-za-starije-osobe-u-glini\/thumbs\/thumbs_P5071735-800x400.jpg\"\n\t\t\t\tdata-image-id=\"54\"\n\t\t\t\tdata-title=\"P5071735-800x400\"\n\t\t\t\tdata-description=\"\"\n\t\t\t\tdata-image-slug=\"p5071735-800x400\"\n\t\t\t\tclass=\"ngg-fancybox\" rel=\"cbe1d806d73d461ad6fdaca9dc6d6982\">\n\t\t\t\t<img\n\t\t\t\t\ttitle=\"P5071735-800x400\"\n\t\t\t\t\talt=\"P5071735-800x400\"\n\t\t\t\t\tsrc=\"https:\/\/dom-glina.hr\/wp-content\/gallery\/svecano-otvorenje-doma-za-starije-osobe-u-glini\/thumbs\/thumbs_P5071735-800x400.jpg\"\n\t\t\t\t\twidth=\"240\"\n\t\t\t\t\theight=\"160\"\n\t\t\t\t\tstyle=\"max-width:100%;\"\n\t\t\t\t\/>\n\t\t\t<\/a>\n\t\t<\/div>\n\t\t\t\t\t\t\t<\/div> \n\t\t\t\n\t\n\t<br style=\"clear: both\" \/>\n\n\t\n\t\t<!-- Pagination -->\n\t\t<div class='ngg-clear'><\/div>\t<\/div>\n\n<p>&nbsp;<\/p>\n","protected":false},"excerpt":{"rendered":"<p>Dana 7. svibnja 2018. godine, odr\u017eano je sve\u010dano otvorenje Doma za starije osobe u Glini. Dom za starije osobe u Glini kapacitiran je za smje\u0161taj 74 osobe. Dom za starije osobe u Glini, izgra\u0111en je u sklopu Regionalnog programa stambenog zbrinjavanja kojeg u Republici Hrvatskoj provodi Sredi\u0161nji dr\u017eavni ured za obnovu i stambeno zbrinjavanje. Opremanje&hellip;<\/p>\n","protected":false},"author":1,"featured_media":1021,"comment_status":"closed","ping_status":"closed","sticky":false,"template":"","format":"standard","meta":{"_monsterinsights_skip_tracking":false,"_monsterinsights_sitenote_active":false,"_monsterinsights_sitenote_note":"","_monsterinsights_sitenote_category":0,"ngg_post_thumbnail":0,"footnotes":""},"categories":[2],"tags":[],"aioseo_notices":[],"_links":{"self":[{"href":"https:\/\/dom-glina.hr\/index.php?rest_route=\/wp\/v2\/posts\/986"}],"collection":[{"href":"https:\/\/dom-glina.hr\/index.php?rest_route=\/wp\/v2\/posts"}],"about":[{"href":"https:\/\/dom-glina.hr\/index.php?rest_route=\/wp\/v2\/types\/post"}],"author":[{"embeddable":true,"href":"https:\/\/dom-glina.hr\/index.php?rest_route=\/wp\/v2\/users\/1"}],"replies":[{"embeddable":true,"href":"https:\/\/dom-glina.hr\/index.php?rest_route=%2Fwp%2Fv2%2Fcomments&post=986"}],"version-history":[{"count":2,"href":"https:\/\/dom-glina.hr\/index.php?rest_route=\/wp\/v2\/posts\/986\/revisions"}],"predecessor-version":[{"id":1023,"href":"https:\/\/dom-glina.hr\/index.php?rest_route=\/wp\/v2\/posts\/986\/revisions\/1023"}],"wp:featuredmedia":[{"embeddable":true,"href":"https:\/\/dom-glina.hr\/index.php?rest_route=\/wp\/v2\/media\/1021"}],"wp:attachment":[{"href":"https:\/\/dom-glina.hr\/index.php?rest_route=%2Fwp%2Fv2%2Fmedia&parent=986"}],"wp:term":[{"taxonomy":"category","embeddable":true,"href":"https:\/\/dom-glina.hr\/index.php?rest_route=%2Fwp%2Fv2%2Fcategories&post=986"},{"taxonomy":"post_tag","embeddable":true,"href":"https:\/\/dom-glina.hr\/index.php?rest_route=%2Fwp%2Fv2%2Ftags&post=986"}],"curies":[{"name":"wp","href":"https:\/\/api.w.org\/{rel}","templated":true}]}}