{"id":8156,"date":"2026-08-31T17:08:51","date_gmt":"2026-08-31T15:08:51","guid":{"rendered":"https:\/\/dom-glina.hr\/?p=8156"},"modified":"2026-09-02T17:10:16","modified_gmt":"2026-09-02T15:10:16","slug":"izlet-i-druzenje-u-etno-kuci-hrvatska-korablja","status":"publish","type":"post","link":"https:\/\/dom-glina.hr\/?p=8156","title":{"rendered":"Izlet i dru\u017eenje u Etno ku\u0107i &#8220;Hrvatska Korablja&#8221;"},"content":{"rendered":"<div class=\"xdj266r x14z9mp xat24cr x1lziwak x1vvkbs x126k92a\">\n<div dir=\"auto\">Na\u0161i korisnici Doma proveli su prekrasan dan u Marinbrodu, gdje su posjetili etno ku\u0107u &#8220;Korablja&#8221; te vidjeli kulturnu ba\u0161tinu s izlo\u017ebenim postavom kroz predmete iz svakodnevnog \u017eivota, narodne no\u0161nje, tradicijsko ruho i namje\u0161aj koji prikazuje razvoj te bogatu tradiciju i ba\u0161tinu ljudi koji su stolje\u0107ima ovdje \u017eivjeli.<\/div>\n<\/div>\n<div class=\"x14z9mp xat24cr x1lziwak x1vvkbs xtlvy1s x126k92a\">\n<div dir=\"auto\">Korisnici su u\u017eivali u ugodnom dru\u017eenju i lijepom ambijentu. <span class=\"html-span xexx8yu xyri2b x18d9i69 x1c1uobl x1hl2dhg x16tdsg8 x1vvkbs x3nfvp2 x1j61x8r x1fcty0u xdj266r xat24cr xm2jcoa x1mpyi22 xxymvpz xlup9mm x1kky2od\"><img loading=\"lazy\" decoding=\"async\" class=\"xz74otr x15mokao x1ga7v0g x16uus16 xbiv7yw\" src=\"https:\/\/static.xx.fbcdn.net\/images\/emoji.php\/v9\/t7f\/1\/16\/1f60a.png\" alt=\"\ud83d\ude0a\" width=\"16\" height=\"16\"><\/span><\/div>\n<div dir=\"auto\">Uz osvje\u017eenje i ukusnu \u0161trudlu, vrijeme je pro\u0161lo u razgovoru, smijehu i lijepom zajedni\u0161tvu.<\/div>\n<div dir=\"auto\">Od srca zahvaljujemo gospo\u0111i \u0160tefici Ponder na gostoprimstvu, trudu, pa\u017enji i srda\u010dnosti koju nam je pru\u017eila. Hvala joj \u0161to je na\u0161im korisnicima uljep\u0161ala dan i omogu\u0107ila jo\u0161 jednu lijepu uspomenu! <span class=\"html-span xexx8yu xyri2b x18d9i69 x1c1uobl x1hl2dhg x16tdsg8 x1vvkbs x3nfvp2 x1j61x8r x1fcty0u xdj266r xat24cr xm2jcoa x1mpyi22 xxymvpz xlup9mm x1kky2od\"><img loading=\"lazy\" decoding=\"async\" class=\"xz74otr x15mokao x1ga7v0g x16uus16 xbiv7yw\" src=\"https:\/\/static.xx.fbcdn.net\/images\/emoji.php\/v9\/t6c\/1\/16\/2764.png\" alt=\"\u2764\ufe0f\" width=\"16\" height=\"16\"><\/span><\/div>\n<\/div>\n<div dir=\"auto\">&nbsp;<\/div>\n<div dir=\"auto\"><a href=\"https:\/\/www.facebook.com\/permalink.php?story_fbid=pfbid0hWimLNjP53H44at9BcFaogRpVD4Bbnt9kbgv7xdYXJFTwtWP54bshc7iS3m74Jowl&amp;id=100057456069057\"><span style=\"text-decoration: underline; color: #3366ff;\"><em>https:\/\/www.facebook.com\/permalink.php?story_fbid=pfbid0hWimLNjP53H44at9BcFaogRpVD4Bbnt9kbgv7xdYXJFTwtWP54bshc7iS3m74Jowl&amp;id=100057456069057<\/em><\/span><\/a><\/div>\n","protected":false},"excerpt":{"rendered":"<p>Na\u0161i korisnici Doma proveli su prekrasan dan u Marinbrodu, gdje su posjetili etno ku\u0107u &#8220;Korablja&#8221; te vidjeli kulturnu ba\u0161tinu s izlo\u017ebenim postavom kroz predmete iz svakodnevnog \u017eivota, narodne no\u0161nje, tradicijsko ruho i namje\u0161aj koji prikazuje razvoj te bogatu tradiciju i ba\u0161tinu ljudi koji su stolje\u0107ima ovdje \u017eivjeli. Korisnici su u\u017eivali u ugodnom dru\u017eenju i lijepom&hellip;<\/p>\n","protected":false},"author":1,"featured_media":8157,"comment_status":"closed","ping_status":"closed","sticky":false,"template":"","format":"standard","meta":{"_monsterinsights_skip_tracking":false,"_monsterinsights_sitenote_active":false,"_monsterinsights_sitenote_note":"","_monsterinsights_sitenote_category":0,"ngg_post_thumbnail":0,"footnotes":""},"categories":[2],"tags":[],"aioseo_notices":[],"_links":{"self":[{"href":"https:\/\/dom-glina.hr\/index.php?rest_route=\/wp\/v2\/posts\/8156"}],"collection":[{"href":"https:\/\/dom-glina.hr\/index.php?rest_route=\/wp\/v2\/posts"}],"about":[{"href":"https:\/\/dom-glina.hr\/index.php?rest_route=\/wp\/v2\/types\/post"}],"author":[{"embeddable":true,"href":"https:\/\/dom-glina.hr\/index.php?rest_route=\/wp\/v2\/users\/1"}],"replies":[{"embeddable":true,"href":"https:\/\/dom-glina.hr\/index.php?rest_route=%2Fwp%2Fv2%2Fcomments&post=8156"}],"version-history":[{"count":1,"href":"https:\/\/dom-glina.hr\/index.php?rest_route=\/wp\/v2\/posts\/8156\/revisions"}],"predecessor-version":[{"id":8158,"href":"https:\/\/dom-glina.hr\/index.php?rest_route=\/wp\/v2\/posts\/8156\/revisions\/8158"}],"wp:featuredmedia":[{"embeddable":true,"href":"https:\/\/dom-glina.hr\/index.php?rest_route=\/wp\/v2\/media\/8157"}],"wp:attachment":[{"href":"https:\/\/dom-glina.hr\/index.php?rest_route=%2Fwp%2Fv2%2Fmedia&parent=8156"}],"wp:term":[{"taxonomy":"category","embeddable":true,"href":"https:\/\/dom-glina.hr\/index.php?rest_route=%2Fwp%2Fv2%2Fcategories&post=8156"},{"taxonomy":"post_tag","embeddable":true,"href":"https:\/\/dom-glina.hr\/index.php?rest_route=%2Fwp%2Fv2%2Ftags&post=8156"}],"curies":[{"name":"wp","href":"https:\/\/api.w.org\/{rel}","templated":true}]}}