{"id":7865,"date":"2026-04-24T18:20:58","date_gmt":"2026-04-24T16:20:58","guid":{"rendered":"https:\/\/dom-glina.hr\/?p=7865"},"modified":"2026-04-28T18:23:22","modified_gmt":"2026-04-28T16:23:22","slug":"edukacija-zastite-od-pozara","status":"publish","type":"post","link":"https:\/\/dom-glina.hr\/?p=7865","title":{"rendered":"EDUKACIJA ZA\u0160TITE OD PO\u017dARA"},"content":{"rendered":"<div dir=\"auto\">Zaposlenici Doma za starije osobe Glina obnovili su svoje znanje u podru\u010dju po\u017earnog minimuma i primjene aparata za ga\u0161enje po\u017eara. Naime, na\u0161i su djelatnici pro\u0161li obveznu edukaciju osposobljavanja koja je propisana.<\/div>\n<div dir=\"auto\">Nakon teorije, prakti\u010dni dio obuke bio je organiziran u dvori\u0161tu Doma gdje su se djelatnici mogli oku\u0161ati u stvarnoj primjeni aparata za ga\u0161enje po\u017eara.<\/div>\n<div dir=\"auto\">Edukaciju i prakti\u010dni dio su proveli djelatnici Za\u0161tite na radu i za\u0161tite od po\u017eara.<\/div>\n<div dir=\"auto\">&nbsp;<\/div>\n<div dir=\"auto\"><a href=\"https:\/\/www.facebook.com\/permalink.php?story_fbid=pfbid032sYem9hFtSfFg46S9UwtMwbebELasekdSnbis3MT2bW1y4E8hEJkKUsHz7DzuZFkl&amp;id=100057456069057\"><span style=\"text-decoration: underline; color: #3366ff;\"><em>https:\/\/www.facebook.com\/permalink.php?story_fbid=pfbid032sYem9hFtSfFg46S9UwtMwbebELasekdSnbis3MT2bW1y4E8hEJkKUsHz7DzuZFkl&amp;id=100057456069057<\/em><\/span><\/a><\/div>\n<div dir=\"auto\">&nbsp;<\/div>\n<div dir=\"auto\"><img loading=\"lazy\" decoding=\"async\" class=\"alignnone size-large wp-image-7868\" src=\"https:\/\/dom-glina.hr\/wp-content\/uploads\/2026\/04\/679930449_1406194484881829_6411771213311388144_n-718x1024.jpg\" alt=\"\" width=\"718\" height=\"1024\" srcset=\"https:\/\/dom-glina.hr\/wp-content\/uploads\/2026\/04\/679930449_1406194484881829_6411771213311388144_n-718x1024.jpg 718w, https:\/\/dom-glina.hr\/wp-content\/uploads\/2026\/04\/679930449_1406194484881829_6411771213311388144_n-210x300.jpg 210w, https:\/\/dom-glina.hr\/wp-content\/uploads\/2026\/04\/679930449_1406194484881829_6411771213311388144_n-768x1095.jpg 768w, https:\/\/dom-glina.hr\/wp-content\/uploads\/2026\/04\/679930449_1406194484881829_6411771213311388144_n.jpg 864w\" sizes=\"(max-width: 718px) 100vw, 718px\" \/><\/div>\n","protected":false},"excerpt":{"rendered":"<p>Zaposlenici Doma za starije osobe Glina obnovili su svoje znanje u podru\u010dju po\u017earnog minimuma i primjene aparata za ga\u0161enje po\u017eara. Naime, na\u0161i su djelatnici pro\u0161li obveznu edukaciju osposobljavanja koja je propisana. Nakon teorije, prakti\u010dni dio obuke bio je organiziran u dvori\u0161tu Doma gdje su se djelatnici mogli oku\u0161ati u stvarnoj primjeni aparata za ga\u0161enje po\u017eara.&hellip;<\/p>\n","protected":false},"author":1,"featured_media":7866,"comment_status":"closed","ping_status":"closed","sticky":false,"template":"","format":"standard","meta":{"_monsterinsights_skip_tracking":false,"_monsterinsights_sitenote_active":false,"_monsterinsights_sitenote_note":"","_monsterinsights_sitenote_category":0,"ngg_post_thumbnail":0,"footnotes":""},"categories":[2],"tags":[],"aioseo_notices":[],"_links":{"self":[{"href":"https:\/\/dom-glina.hr\/index.php?rest_route=\/wp\/v2\/posts\/7865"}],"collection":[{"href":"https:\/\/dom-glina.hr\/index.php?rest_route=\/wp\/v2\/posts"}],"about":[{"href":"https:\/\/dom-glina.hr\/index.php?rest_route=\/wp\/v2\/types\/post"}],"author":[{"embeddable":true,"href":"https:\/\/dom-glina.hr\/index.php?rest_route=\/wp\/v2\/users\/1"}],"replies":[{"embeddable":true,"href":"https:\/\/dom-glina.hr\/index.php?rest_route=%2Fwp%2Fv2%2Fcomments&post=7865"}],"version-history":[{"count":2,"href":"https:\/\/dom-glina.hr\/index.php?rest_route=\/wp\/v2\/posts\/7865\/revisions"}],"predecessor-version":[{"id":7869,"href":"https:\/\/dom-glina.hr\/index.php?rest_route=\/wp\/v2\/posts\/7865\/revisions\/7869"}],"wp:featuredmedia":[{"embeddable":true,"href":"https:\/\/dom-glina.hr\/index.php?rest_route=\/wp\/v2\/media\/7866"}],"wp:attachment":[{"href":"https:\/\/dom-glina.hr\/index.php?rest_route=%2Fwp%2Fv2%2Fmedia&parent=7865"}],"wp:term":[{"taxonomy":"category","embeddable":true,"href":"https:\/\/dom-glina.hr\/index.php?rest_route=%2Fwp%2Fv2%2Fcategories&post=7865"},{"taxonomy":"post_tag","embeddable":true,"href":"https:\/\/dom-glina.hr\/index.php?rest_route=%2Fwp%2Fv2%2Ftags&post=7865"}],"curies":[{"name":"wp","href":"https:\/\/api.w.org\/{rel}","templated":true}]}}