{"id":7859,"date":"2026-04-20T18:17:03","date_gmt":"2026-04-20T16:17:03","guid":{"rendered":"https:\/\/dom-glina.hr\/?p=7859"},"modified":"2026-04-28T18:18:26","modified_gmt":"2026-04-28T16:18:26","slug":"posjet-izlozbi-srednje-skole-glina-rastemo-zajedno","status":"publish","type":"post","link":"https:\/\/dom-glina.hr\/?p=7859","title":{"rendered":"Posjet izlo\u017ebi Srednje \u0161kole Glina &#8220;Rastemo zajedno&#8221;"},"content":{"rendered":"<p>Dana 20.travnja 2026.godine korisnici, socijalna radnica i ravnateljica posjetili su Srednju \u0161kolu Glina te pogledali izlo\u017ebu fotografija djela volontera \u010dije su aktivnosti zastupljene u projektu &#8220;Rastemo zajedno &#8221; kojeg s partnerima provodi Agencija lokalne demokracije Sisak.<br \/>\nTo su divni u\u010denici volonteri koji du\u017ei niz godina svakoga petka nakon nastave uveseljavaju i provode razli\u010dite aktivnosti s na\u0161im korisnicima u Domu zajedno s voditeljicom \u0161kolskog volonterskog kluba, profesoricom Jasminom Sukali\u0107.<br \/>\nZahvaljujemo se na pozivu i gostoprimstvu ravnateljici Mariji Margu\u0161i\u0107- Novosel , bila nam je zaista velika \u010dast i zadovoljstvo biti dio ove prekrasne izlo\u017ebe.<br \/>\n\u0160kolski volonterski klub Manus Aperta je pru\u017eio ruke na\u0161im korisnicima i itekako je ostavio TRAG.<br \/>\nHvala Vam!<\/p>\n<p><a href=\"https:\/\/www.facebook.com\/permalink.php?story_fbid=pfbid0315oB6chMw82ibynKxe7G1yP42R4XytcKKPyiFe3NivNSBp26oJMXXZ6y2JKZMgYTl&amp;id=100057456069057\"><span style=\"text-decoration: underline; color: #3366ff;\"><em>https:\/\/www.facebook.com\/permalink.php?story_fbid=pfbid0315oB6chMw82ibynKxe7G1yP42R4XytcKKPyiFe3NivNSBp26oJMXXZ6y2JKZMgYTl&amp;id=100057456069057<\/em><\/span><\/a><\/p>\n","protected":false},"excerpt":{"rendered":"<p>Dana 20.travnja 2026.godine korisnici, socijalna radnica i ravnateljica posjetili su Srednju \u0161kolu Glina te pogledali izlo\u017ebu fotografija djela volontera \u010dije su aktivnosti zastupljene u projektu &#8220;Rastemo zajedno &#8221; kojeg s partnerima provodi Agencija lokalne demokracije Sisak. To su divni u\u010denici volonteri koji du\u017ei niz godina svakoga petka nakon nastave uveseljavaju i provode razli\u010dite aktivnosti s&hellip;<\/p>\n","protected":false},"author":1,"featured_media":7860,"comment_status":"closed","ping_status":"closed","sticky":false,"template":"","format":"standard","meta":{"_monsterinsights_skip_tracking":false,"_monsterinsights_sitenote_active":false,"_monsterinsights_sitenote_note":"","_monsterinsights_sitenote_category":0,"ngg_post_thumbnail":0,"footnotes":""},"categories":[2],"tags":[],"aioseo_notices":[],"_links":{"self":[{"href":"https:\/\/dom-glina.hr\/index.php?rest_route=\/wp\/v2\/posts\/7859"}],"collection":[{"href":"https:\/\/dom-glina.hr\/index.php?rest_route=\/wp\/v2\/posts"}],"about":[{"href":"https:\/\/dom-glina.hr\/index.php?rest_route=\/wp\/v2\/types\/post"}],"author":[{"embeddable":true,"href":"https:\/\/dom-glina.hr\/index.php?rest_route=\/wp\/v2\/users\/1"}],"replies":[{"embeddable":true,"href":"https:\/\/dom-glina.hr\/index.php?rest_route=%2Fwp%2Fv2%2Fcomments&post=7859"}],"version-history":[{"count":1,"href":"https:\/\/dom-glina.hr\/index.php?rest_route=\/wp\/v2\/posts\/7859\/revisions"}],"predecessor-version":[{"id":7861,"href":"https:\/\/dom-glina.hr\/index.php?rest_route=\/wp\/v2\/posts\/7859\/revisions\/7861"}],"wp:featuredmedia":[{"embeddable":true,"href":"https:\/\/dom-glina.hr\/index.php?rest_route=\/wp\/v2\/media\/7860"}],"wp:attachment":[{"href":"https:\/\/dom-glina.hr\/index.php?rest_route=%2Fwp%2Fv2%2Fmedia&parent=7859"}],"wp:term":[{"taxonomy":"category","embeddable":true,"href":"https:\/\/dom-glina.hr\/index.php?rest_route=%2Fwp%2Fv2%2Fcategories&post=7859"},{"taxonomy":"post_tag","embeddable":true,"href":"https:\/\/dom-glina.hr\/index.php?rest_route=%2Fwp%2Fv2%2Ftags&post=7859"}],"curies":[{"name":"wp","href":"https:\/\/api.w.org\/{rel}","templated":true}]}}