{"id":7856,"date":"2026-04-13T18:14:01","date_gmt":"2026-04-13T16:14:01","guid":{"rendered":"https:\/\/dom-glina.hr\/?p=7856"},"modified":"2026-04-28T18:16:05","modified_gmt":"2026-04-28T16:16:05","slug":"posjet-ministra-i-drzavne-tajnice","status":"publish","type":"post","link":"https:\/\/dom-glina.hr\/?p=7856","title":{"rendered":"Posjet ministra i dr\u017eavne tajnice"},"content":{"rendered":"<div dir=\"auto\">Dana 13.travnja 2026.godine posjetio nas je ministar rada, mirovinskoga sustava, obitelji i socijalne politike Alen Ru\u017ei\u0107 te dr\u017eavna tajnica Margareta Ma\u0111eri\u0107 zajedno sa \u017eupanom Sisa\u010dko moslava\u010dke \u017eupanije Ivanom Celjakom te njegovim suradnicima.<\/div>\n<div dir=\"auto\">Nakon \u0161to su obi\u0161li na\u0161e korisnike uputili su se u \u017eupanijsko umirovljeni\u010dko naselje &#8220;Banovi dvori&#8221; gdje je ministar imao priliku vidjeti ku\u0107e u kojima \u0107emo razvijati uslugu organiziranog stanovanja za starije osobe, model koji starijim osobama i umirovljenicima omogu\u0107uje samostalniji \u017eivot uz svu dostupnu zdravstvenu i socijalnu podr\u0161ku.<\/div>\n<div dir=\"auto\">Zahvaljujemo se ministru i \u017eupanu na posjeti na\u0161em Domu te se veselimo idu\u0107em susretu&#8230;<\/div>\n<div dir=\"auto\">&nbsp;<\/div>\n<div dir=\"auto\"><a href=\"https:\/\/www.facebook.com\/permalink.php?story_fbid=pfbid037d5q1iXk128bD4s3GYyF4q2NpgfVvZLQXRo2Kq276aevAwGYm9morYxgZeD73zdul&amp;id=100057456069057\"><span style=\"text-decoration: underline; color: #3366ff;\"><em>https:\/\/www.facebook.com\/permalink.php?story_fbid=pfbid037d5q1iXk128bD4s3GYyF4q2NpgfVvZLQXRo2Kq276aevAwGYm9morYxgZeD73zdul&amp;id=100057456069057<\/em><\/span><\/a><\/div>\n","protected":false},"excerpt":{"rendered":"<p>Dana 13.travnja 2026.godine posjetio nas je ministar rada, mirovinskoga sustava, obitelji i socijalne politike Alen Ru\u017ei\u0107 te dr\u017eavna tajnica Margareta Ma\u0111eri\u0107 zajedno sa \u017eupanom Sisa\u010dko moslava\u010dke \u017eupanije Ivanom Celjakom te njegovim suradnicima. Nakon \u0161to su obi\u0161li na\u0161e korisnike uputili su se u \u017eupanijsko umirovljeni\u010dko naselje &#8220;Banovi dvori&#8221; gdje je ministar imao priliku vidjeti ku\u0107e u&hellip;<\/p>\n","protected":false},"author":1,"featured_media":7857,"comment_status":"closed","ping_status":"closed","sticky":false,"template":"","format":"standard","meta":{"_monsterinsights_skip_tracking":false,"_monsterinsights_sitenote_active":false,"_monsterinsights_sitenote_note":"","_monsterinsights_sitenote_category":0,"ngg_post_thumbnail":0,"footnotes":""},"categories":[2],"tags":[],"aioseo_notices":[],"_links":{"self":[{"href":"https:\/\/dom-glina.hr\/index.php?rest_route=\/wp\/v2\/posts\/7856"}],"collection":[{"href":"https:\/\/dom-glina.hr\/index.php?rest_route=\/wp\/v2\/posts"}],"about":[{"href":"https:\/\/dom-glina.hr\/index.php?rest_route=\/wp\/v2\/types\/post"}],"author":[{"embeddable":true,"href":"https:\/\/dom-glina.hr\/index.php?rest_route=\/wp\/v2\/users\/1"}],"replies":[{"embeddable":true,"href":"https:\/\/dom-glina.hr\/index.php?rest_route=%2Fwp%2Fv2%2Fcomments&post=7856"}],"version-history":[{"count":1,"href":"https:\/\/dom-glina.hr\/index.php?rest_route=\/wp\/v2\/posts\/7856\/revisions"}],"predecessor-version":[{"id":7858,"href":"https:\/\/dom-glina.hr\/index.php?rest_route=\/wp\/v2\/posts\/7856\/revisions\/7858"}],"wp:featuredmedia":[{"embeddable":true,"href":"https:\/\/dom-glina.hr\/index.php?rest_route=\/wp\/v2\/media\/7857"}],"wp:attachment":[{"href":"https:\/\/dom-glina.hr\/index.php?rest_route=%2Fwp%2Fv2%2Fmedia&parent=7856"}],"wp:term":[{"taxonomy":"category","embeddable":true,"href":"https:\/\/dom-glina.hr\/index.php?rest_route=%2Fwp%2Fv2%2Fcategories&post=7856"},{"taxonomy":"post_tag","embeddable":true,"href":"https:\/\/dom-glina.hr\/index.php?rest_route=%2Fwp%2Fv2%2Ftags&post=7856"}],"curies":[{"name":"wp","href":"https:\/\/api.w.org\/{rel}","templated":true}]}}