{"id":7847,"date":"2026-03-27T18:07:15","date_gmt":"2026-03-27T17:07:15","guid":{"rendered":"https:\/\/dom-glina.hr\/?p=7847"},"modified":"2026-04-28T18:09:30","modified_gmt":"2026-04-28T16:09:30","slug":"svjetski-dan-kazalista","status":"publish","type":"post","link":"https:\/\/dom-glina.hr\/?p=7847","title":{"rendered":"SVJETSKI DAN KAZALI\u0160TA"},"content":{"rendered":"<div dir=\"auto\">Povodom Svjetskog dana kazali\u0161ta u goste su nam stigli u\u010denici Srednje \u0161kole Glina sa profesoricom Ljerkom Iharo\u0161 te izveli jednu od svojih predstava pod nazivom &#8220;Ne da mi se&#8221; .<\/div>\n<div dir=\"auto\">Veselje je bilo obostrano , a predstava fantasti\u010dna.<\/div>\n<div dir=\"auto\">Zahvaljujemo se na dolasku te se veselimo budu\u0107em susretu.<\/div>\n<div dir=\"auto\">&nbsp;<\/div>\n<div dir=\"auto\"><a href=\"https:\/\/www.facebook.com\/permalink.php?story_fbid=pfbid028eVgjC1JU3BcdBwq9imv7P3pqu3xUdk7ZZCZ1Vsa2Ca8isU82BfBqwoFNPjzzRMTl&amp;id=100057456069057\"><span style=\"text-decoration: underline; color: #3366ff;\"><em>https:\/\/www.facebook.com\/permalink.php?story_fbid=pfbid028eVgjC1JU3BcdBwq9imv7P3pqu3xUdk7ZZCZ1Vsa2Ca8isU82BfBqwoFNPjzzRMTl&amp;id=100057456069057<\/em><\/span><\/a><\/div>\n","protected":false},"excerpt":{"rendered":"<p>Povodom Svjetskog dana kazali\u0161ta u goste su nam stigli u\u010denici Srednje \u0161kole Glina sa profesoricom Ljerkom Iharo\u0161 te izveli jednu od svojih predstava pod nazivom &#8220;Ne da mi se&#8221; . Veselje je bilo obostrano , a predstava fantasti\u010dna. Zahvaljujemo se na dolasku te se veselimo budu\u0107em susretu. &nbsp; https:\/\/www.facebook.com\/permalink.php?story_fbid=pfbid028eVgjC1JU3BcdBwq9imv7P3pqu3xUdk7ZZCZ1Vsa2Ca8isU82BfBqwoFNPjzzRMTl&amp;id=100057456069057<\/p>\n","protected":false},"author":1,"featured_media":7848,"comment_status":"closed","ping_status":"closed","sticky":false,"template":"","format":"standard","meta":{"_monsterinsights_skip_tracking":false,"_monsterinsights_sitenote_active":false,"_monsterinsights_sitenote_note":"","_monsterinsights_sitenote_category":0,"ngg_post_thumbnail":0,"footnotes":""},"categories":[2],"tags":[],"aioseo_notices":[],"_links":{"self":[{"href":"https:\/\/dom-glina.hr\/index.php?rest_route=\/wp\/v2\/posts\/7847"}],"collection":[{"href":"https:\/\/dom-glina.hr\/index.php?rest_route=\/wp\/v2\/posts"}],"about":[{"href":"https:\/\/dom-glina.hr\/index.php?rest_route=\/wp\/v2\/types\/post"}],"author":[{"embeddable":true,"href":"https:\/\/dom-glina.hr\/index.php?rest_route=\/wp\/v2\/users\/1"}],"replies":[{"embeddable":true,"href":"https:\/\/dom-glina.hr\/index.php?rest_route=%2Fwp%2Fv2%2Fcomments&post=7847"}],"version-history":[{"count":1,"href":"https:\/\/dom-glina.hr\/index.php?rest_route=\/wp\/v2\/posts\/7847\/revisions"}],"predecessor-version":[{"id":7849,"href":"https:\/\/dom-glina.hr\/index.php?rest_route=\/wp\/v2\/posts\/7847\/revisions\/7849"}],"wp:featuredmedia":[{"embeddable":true,"href":"https:\/\/dom-glina.hr\/index.php?rest_route=\/wp\/v2\/media\/7848"}],"wp:attachment":[{"href":"https:\/\/dom-glina.hr\/index.php?rest_route=%2Fwp%2Fv2%2Fmedia&parent=7847"}],"wp:term":[{"taxonomy":"category","embeddable":true,"href":"https:\/\/dom-glina.hr\/index.php?rest_route=%2Fwp%2Fv2%2Fcategories&post=7847"},{"taxonomy":"post_tag","embeddable":true,"href":"https:\/\/dom-glina.hr\/index.php?rest_route=%2Fwp%2Fv2%2Ftags&post=7847"}],"curies":[{"name":"wp","href":"https:\/\/api.w.org\/{rel}","templated":true}]}}