{"id":7844,"date":"2026-03-24T18:02:56","date_gmt":"2026-03-24T17:02:56","guid":{"rendered":"https:\/\/dom-glina.hr\/?p=7844"},"modified":"2026-04-28T18:06:50","modified_gmt":"2026-04-28T16:06:50","slug":"sveta-ispovijed-i-sveta-misa-pred-uskrs","status":"publish","type":"post","link":"https:\/\/dom-glina.hr\/?p=7844","title":{"rendered":"Sveta ispovijed i sveta misa pred Uskrs"},"content":{"rendered":"<p>U utorak 24.o\u017eujka 2026.godine uprili\u010dena je sveta ispovijed i sveta misa kao duhovna priprava pred najve\u0107i kr\u0161\u0107anski blagdan Uskrs.<br \/>\nMisu su predvodili vl\u010d. Sa\u0161a Jozi\u0107 iz \u017eupe Sveti Ivan Nepomuk Glina te \u017eupnik Vedran Pejak Pa\u0161i\u0107 iz \u017eupe Vidu\u0161evac.<br \/>\nDonijeli su korisnicima rije\u010di ohrabrenja, blizine i zajedni\u0161tva.<br \/>\nBila je to prilika za susret, razgovor i duhovnu potporu.<br \/>\nNa kraju svete mise u ozra\u010dju topline i bliskosti, \u017eupnik Sa\u0161a Jozi\u0107 je od srca za\u017eelio svim djelatnicima i korisnicima sretan i blagoslovljen Uskrs, ispunjen mirom, rado\u0161\u0107u i nadom.<\/p>\n<p><a href=\"https:\/\/www.facebook.com\/permalink.php?story_fbid=pfbid09kbuuNwArNjWjrsx2JCsqoE7KCuoBcDSqJpmAABY96hbrpZ19N6fUcCmvtD8tk9Bl&amp;id=100057456069057\"><span style=\"text-decoration: underline; color: #3366ff;\"><em>https:\/\/www.facebook.com\/permalink.php?story_fbid=pfbid09kbuuNwArNjWjrsx2JCsqoE7KCuoBcDSqJpmAABY96hbrpZ19N6fUcCmvtD8tk9Bl&amp;id=100057456069057<\/em><\/span><\/a><\/p>\n<p>&nbsp;<\/p>\n","protected":false},"excerpt":{"rendered":"<p>U utorak 24.o\u017eujka 2026.godine uprili\u010dena je sveta ispovijed i sveta misa kao duhovna priprava pred najve\u0107i kr\u0161\u0107anski blagdan Uskrs. Misu su predvodili vl\u010d. Sa\u0161a Jozi\u0107 iz \u017eupe Sveti Ivan Nepomuk Glina te \u017eupnik Vedran Pejak Pa\u0161i\u0107 iz \u017eupe Vidu\u0161evac. Donijeli su korisnicima rije\u010di ohrabrenja, blizine i zajedni\u0161tva. Bila je to prilika za susret, razgovor i&hellip;<\/p>\n","protected":false},"author":1,"featured_media":7845,"comment_status":"closed","ping_status":"closed","sticky":false,"template":"","format":"standard","meta":{"_monsterinsights_skip_tracking":false,"_monsterinsights_sitenote_active":false,"_monsterinsights_sitenote_note":"","_monsterinsights_sitenote_category":0,"ngg_post_thumbnail":0,"footnotes":""},"categories":[2],"tags":[],"aioseo_notices":[],"_links":{"self":[{"href":"https:\/\/dom-glina.hr\/index.php?rest_route=\/wp\/v2\/posts\/7844"}],"collection":[{"href":"https:\/\/dom-glina.hr\/index.php?rest_route=\/wp\/v2\/posts"}],"about":[{"href":"https:\/\/dom-glina.hr\/index.php?rest_route=\/wp\/v2\/types\/post"}],"author":[{"embeddable":true,"href":"https:\/\/dom-glina.hr\/index.php?rest_route=\/wp\/v2\/users\/1"}],"replies":[{"embeddable":true,"href":"https:\/\/dom-glina.hr\/index.php?rest_route=%2Fwp%2Fv2%2Fcomments&post=7844"}],"version-history":[{"count":1,"href":"https:\/\/dom-glina.hr\/index.php?rest_route=\/wp\/v2\/posts\/7844\/revisions"}],"predecessor-version":[{"id":7846,"href":"https:\/\/dom-glina.hr\/index.php?rest_route=\/wp\/v2\/posts\/7844\/revisions\/7846"}],"wp:featuredmedia":[{"embeddable":true,"href":"https:\/\/dom-glina.hr\/index.php?rest_route=\/wp\/v2\/media\/7845"}],"wp:attachment":[{"href":"https:\/\/dom-glina.hr\/index.php?rest_route=%2Fwp%2Fv2%2Fmedia&parent=7844"}],"wp:term":[{"taxonomy":"category","embeddable":true,"href":"https:\/\/dom-glina.hr\/index.php?rest_route=%2Fwp%2Fv2%2Fcategories&post=7844"},{"taxonomy":"post_tag","embeddable":true,"href":"https:\/\/dom-glina.hr\/index.php?rest_route=%2Fwp%2Fv2%2Ftags&post=7844"}],"curies":[{"name":"wp","href":"https:\/\/api.w.org\/{rel}","templated":true}]}}