{"id":7841,"date":"2026-03-31T17:59:14","date_gmt":"2026-03-31T15:59:14","guid":{"rendered":"https:\/\/dom-glina.hr\/?p=7841"},"modified":"2026-04-28T18:02:26","modified_gmt":"2026-04-28T16:02:26","slug":"vizija-strast-i-predanost-rezultat-ponosni-na-novi-projekt","status":"publish","type":"post","link":"https:\/\/dom-glina.hr\/?p=7841","title":{"rendered":"VIZIJA, STRAST I PREDANOST= REZULTAT &#8211; PONOSNI NA NOVI PROJEKT!"},"content":{"rendered":"<div class=\"x14z9mp xat24cr x1lziwak x1vvkbs xtlvy1s x126k92a\">\n<div dir=\"auto\">Danas je u Kongresnoj dvorani Nacionalne i sveu\u010dili\u0161ne knji\u017enice u Zagrebu uru\u010deno 55 ugovora vrijednih vi\u0161e od 15 milijuna eura za projekte koji \u0161ire mre\u017eu socijalnih usluga u zajednici, gotovo u cijelosti financirani bespovratnim sredstvima iz Europskog socijalnog fonda plus (ESF+).<\/div>\n<\/div>\n<div class=\"x14z9mp xat24cr x1lziwak x1vvkbs xtlvy1s x126k92a\">\n<div dir=\"auto\">Ugovor je dobila i na\u0161a ustanova u Glini.<\/div>\n<\/div>\n<div class=\"x14z9mp xat24cr x1lziwak x1vvkbs xtlvy1s x126k92a\">\n<div dir=\"auto\">Na\u0161a ravnateljica Renata Tominovi\u0107-Cekovi\u0107, univ.mag.educ.rehab. preuzela je i potpisala Ugovor o dodjeli bespovratnih sredstava za projekt pod nazivom:<\/div>\n<\/div>\n<div class=\"x14z9mp xat24cr x1lziwak x1vvkbs xtlvy1s x126k92a\">\n<div dir=\"auto\">&#8220;SVAKI DAN &#8211; NOVI PLAN&#8221;<\/div>\n<\/div>\n<div class=\"x14z9mp xat24cr x1lziwak x1vvkbs xtlvy1s x126k92a\">\n<div dir=\"auto\">Ugovor joj je sve\u010dano uru\u010dio ministar rada, mirovinskog sustava, obitelji i socijalne politike Alen Ru\u017ei\u0107, u okviru poziva:<\/div>\n<div dir=\"auto\"><span class=\"html-span xexx8yu xyri2b x18d9i69 x1c1uobl x1hl2dhg x16tdsg8 x1vvkbs x3nfvp2 x1j61x8r x1fcty0u xdj266r xat24cr xm2jcoa x1mpyi22 xxymvpz xlup9mm x1kky2od\"><img loading=\"lazy\" decoding=\"async\" class=\"xz74otr x15mokao x1ga7v0g x16uus16 xbiv7yw\" src=\"https:\/\/static.xx.fbcdn.net\/images\/emoji.php\/v9\/t51\/1\/16\/2714.png\" alt=\"\u2714\ufe0f\" width=\"16\" height=\"16\"><\/span> \u0160irenje mre\u017ee socijalnih usluga u zajednici<\/div>\n<div dir=\"auto\"><span class=\"html-span xexx8yu xyri2b x18d9i69 x1c1uobl x1hl2dhg x16tdsg8 x1vvkbs x3nfvp2 x1j61x8r x1fcty0u xdj266r xat24cr xm2jcoa x1mpyi22 xxymvpz xlup9mm x1kky2od\"><img loading=\"lazy\" decoding=\"async\" class=\"xz74otr x15mokao x1ga7v0g x16uus16 xbiv7yw\" src=\"https:\/\/static.xx.fbcdn.net\/images\/emoji.php\/v9\/t51\/1\/16\/2714.png\" alt=\"\u2714\ufe0f\" width=\"16\" height=\"16\"><\/span> financirano iz Europskog socijalnog fonda plus<\/div>\n<\/div>\n<div class=\"x14z9mp xat24cr x1lziwak x1vvkbs xtlvy1s x126k92a\">\n<div dir=\"auto\"><span class=\"html-span xexx8yu xyri2b x18d9i69 x1c1uobl x1hl2dhg x16tdsg8 x1vvkbs x3nfvp2 x1j61x8r x1fcty0u xdj266r xat24cr xm2jcoa x1mpyi22 xxymvpz xlup9mm x1kky2od\"><img loading=\"lazy\" decoding=\"async\" class=\"xz74otr x15mokao x1ga7v0g x16uus16 xbiv7yw\" src=\"https:\/\/static.xx.fbcdn.net\/images\/emoji.php\/v9\/t60\/1\/16\/1f4b6.png\" alt=\"\ud83d\udcb6\" width=\"16\" height=\"16\"><\/span> Za Dom za starije osobe u Glini odobreno je 297.444,00 \u20ac bespovratnih sredstava<\/div>\n<\/div>\n<div class=\"x14z9mp xat24cr x1lziwak x1vvkbs xtlvy1s x126k92a\">\n<div dir=\"auto\"><span class=\"html-span xexx8yu xyri2b x18d9i69 x1c1uobl x1hl2dhg x16tdsg8 x1vvkbs x3nfvp2 x1j61x8r x1fcty0u xdj266r xat24cr xm2jcoa x1mpyi22 xxymvpz xlup9mm x1kky2od\"><img loading=\"lazy\" decoding=\"async\" class=\"xz74otr x15mokao x1ga7v0g x16uus16 xbiv7yw\" src=\"https:\/\/static.xx.fbcdn.net\/images\/emoji.php\/v9\/t9e\/1\/16\/27a1.png\" alt=\"\u27a1\ufe0f\" width=\"16\" height=\"16\"><\/span>Kroz ovaj projekt na\u0161i stariji dobit \u0107e potrebnu podr\u0161ku i kvalitetne usluge.<\/div>\n<div dir=\"auto\"><span class=\"html-span xexx8yu xyri2b x18d9i69 x1c1uobl x1hl2dhg x16tdsg8 x1vvkbs x3nfvp2 x1j61x8r x1fcty0u xdj266r xat24cr xm2jcoa x1mpyi22 xxymvpz xlup9mm x1kky2od\"><img loading=\"lazy\" decoding=\"async\" class=\"xz74otr x15mokao x1ga7v0g x16uus16 xbiv7yw\" src=\"https:\/\/static.xx.fbcdn.net\/images\/emoji.php\/v9\/t9e\/1\/16\/27a1.png\" alt=\"\u27a1\ufe0f\" width=\"16\" height=\"16\"><\/span> Dodatno \u0107emo oja\u010dati dostupnost i kvalitetu socijalnih usluga te sprije\u010diti institucionalizaciju.<\/div>\n<\/div>\n<div class=\"x14z9mp xat24cr x1lziwak x1vvkbs xtlvy1s x126k92a\">\n<div dir=\"auto\">&#8220;Sjajne stvari u poslovanju nikada ne radi jedna osoba. Radi ih tim ljudi&#8221;<\/div>\n<div dir=\"auto\">&#8220;Jedini na\u010din da napravi\u0161 sjajan posao je da voli\u0161 ono \u0161to radi\u0161&#8221; ( Steve Jobs)<\/div>\n<div dir=\"auto\">&nbsp;<\/div>\n<div dir=\"auto\"><a href=\"https:\/\/www.facebook.com\/permalink.php?story_fbid=pfbid0WewiRCFJgZjgfC1GtPMEmXTXPBrsdeKSkBxVHgduTns9WLsW6KxJQBALVgG2He5Al&amp;id=100057456069057\"><span style=\"text-decoration: underline; color: #3366ff;\"><em>https:\/\/www.facebook.com\/permalink.php?story_fbid=pfbid0WewiRCFJgZjgfC1GtPMEmXTXPBrsdeKSkBxVHgduTns9WLsW6KxJQBALVgG2He5Al&amp;id=100057456069057<\/em><\/span><\/a><\/div>\n<div dir=\"auto\">&nbsp;<\/div>\n<\/div>\n","protected":false},"excerpt":{"rendered":"<p>Danas je u Kongresnoj dvorani Nacionalne i sveu\u010dili\u0161ne knji\u017enice u Zagrebu uru\u010deno 55 ugovora vrijednih vi\u0161e od 15 milijuna eura za projekte koji \u0161ire mre\u017eu socijalnih usluga u zajednici, gotovo u cijelosti financirani bespovratnim sredstvima iz Europskog socijalnog fonda plus (ESF+). Ugovor je dobila i na\u0161a ustanova u Glini. Na\u0161a ravnateljica Renata Tominovi\u0107-Cekovi\u0107, univ.mag.educ.rehab. preuzela&hellip;<\/p>\n","protected":false},"author":1,"featured_media":7842,"comment_status":"closed","ping_status":"closed","sticky":false,"template":"","format":"standard","meta":{"_monsterinsights_skip_tracking":false,"_monsterinsights_sitenote_active":false,"_monsterinsights_sitenote_note":"","_monsterinsights_sitenote_category":0,"ngg_post_thumbnail":0,"footnotes":""},"categories":[41],"tags":[],"aioseo_notices":[],"_links":{"self":[{"href":"https:\/\/dom-glina.hr\/index.php?rest_route=\/wp\/v2\/posts\/7841"}],"collection":[{"href":"https:\/\/dom-glina.hr\/index.php?rest_route=\/wp\/v2\/posts"}],"about":[{"href":"https:\/\/dom-glina.hr\/index.php?rest_route=\/wp\/v2\/types\/post"}],"author":[{"embeddable":true,"href":"https:\/\/dom-glina.hr\/index.php?rest_route=\/wp\/v2\/users\/1"}],"replies":[{"embeddable":true,"href":"https:\/\/dom-glina.hr\/index.php?rest_route=%2Fwp%2Fv2%2Fcomments&post=7841"}],"version-history":[{"count":1,"href":"https:\/\/dom-glina.hr\/index.php?rest_route=\/wp\/v2\/posts\/7841\/revisions"}],"predecessor-version":[{"id":7843,"href":"https:\/\/dom-glina.hr\/index.php?rest_route=\/wp\/v2\/posts\/7841\/revisions\/7843"}],"wp:featuredmedia":[{"embeddable":true,"href":"https:\/\/dom-glina.hr\/index.php?rest_route=\/wp\/v2\/media\/7842"}],"wp:attachment":[{"href":"https:\/\/dom-glina.hr\/index.php?rest_route=%2Fwp%2Fv2%2Fmedia&parent=7841"}],"wp:term":[{"taxonomy":"category","embeddable":true,"href":"https:\/\/dom-glina.hr\/index.php?rest_route=%2Fwp%2Fv2%2Fcategories&post=7841"},{"taxonomy":"post_tag","embeddable":true,"href":"https:\/\/dom-glina.hr\/index.php?rest_route=%2Fwp%2Fv2%2Ftags&post=7841"}],"curies":[{"name":"wp","href":"https:\/\/api.w.org\/{rel}","templated":true}]}}