{"id":7757,"date":"2026-03-06T09:18:19","date_gmt":"2026-03-06T08:18:19","guid":{"rendered":"https:\/\/dom-glina.hr\/?p=7757"},"modified":"2026-03-11T09:21:21","modified_gmt":"2026-03-11T08:21:21","slug":"7-sjednica-upravnog-vijeca","status":"publish","type":"post","link":"https:\/\/dom-glina.hr\/?p=7757","title":{"rendered":"7. sjednica Upravnog vije\u0107a"},"content":{"rendered":"<p>Poziv na 7. sjednicu Upravnog vije\u0107a Doma za starije osobe Glina koja \u0107e se odr\u017eati elektronskim putem ( e-mailom ):<\/p>\n<p><span style=\"text-decoration: underline; color: #3366ff;\"><em><a style=\"color: #3366ff; text-decoration: underline;\" href=\"https:\/\/dom-glina.hr\/wp-content\/uploads\/2026\/03\/Poziv-na-7-sjednicu-UV-a.pdf\">Poziv na 7 sjednicu UV-a<\/a><\/em><\/span>&nbsp;(pdf)<\/p>\n<p>Obavijest vezana uz 7. elektroni\u010dku ( putem e-maila ) sjednicu Upravnog vije\u0107a Doma za starije osobe Glina:<\/p>\n<p><span style=\"text-decoration: underline; color: #3366ff;\"><em><a style=\"color: #3366ff; text-decoration: underline;\" href=\"https:\/\/dom-glina.hr\/wp-content\/uploads\/2026\/03\/Obavijest-vezana-uz-7-sjednicu-Upravnog-vijeca.pdf\">Obavijest vezana uz 7 sjednicu Upravnog vijeca<\/a><\/em><\/span>&nbsp;(pdf)<\/p>\n","protected":false},"excerpt":{"rendered":"<p>Poziv na 7. sjednicu Upravnog vije\u0107a Doma za starije osobe Glina koja \u0107e se odr\u017eati elektronskim putem ( e-mailom ): Poziv na 7 sjednicu UV-a&nbsp;(pdf) Obavijest vezana uz 7. elektroni\u010dku ( putem e-maila ) sjednicu Upravnog vije\u0107a Doma za starije osobe Glina: Obavijest vezana uz 7 sjednicu Upravnog vijeca&nbsp;(pdf)<\/p>\n","protected":false},"author":1,"featured_media":0,"comment_status":"closed","ping_status":"closed","sticky":false,"template":"","format":"standard","meta":{"_monsterinsights_skip_tracking":false,"_monsterinsights_sitenote_active":false,"_monsterinsights_sitenote_note":"","_monsterinsights_sitenote_category":0,"ngg_post_thumbnail":0,"footnotes":""},"categories":[43],"tags":[],"aioseo_notices":[],"_links":{"self":[{"href":"https:\/\/dom-glina.hr\/index.php?rest_route=\/wp\/v2\/posts\/7757"}],"collection":[{"href":"https:\/\/dom-glina.hr\/index.php?rest_route=\/wp\/v2\/posts"}],"about":[{"href":"https:\/\/dom-glina.hr\/index.php?rest_route=\/wp\/v2\/types\/post"}],"author":[{"embeddable":true,"href":"https:\/\/dom-glina.hr\/index.php?rest_route=\/wp\/v2\/users\/1"}],"replies":[{"embeddable":true,"href":"https:\/\/dom-glina.hr\/index.php?rest_route=%2Fwp%2Fv2%2Fcomments&post=7757"}],"version-history":[{"count":1,"href":"https:\/\/dom-glina.hr\/index.php?rest_route=\/wp\/v2\/posts\/7757\/revisions"}],"predecessor-version":[{"id":7760,"href":"https:\/\/dom-glina.hr\/index.php?rest_route=\/wp\/v2\/posts\/7757\/revisions\/7760"}],"wp:attachment":[{"href":"https:\/\/dom-glina.hr\/index.php?rest_route=%2Fwp%2Fv2%2Fmedia&parent=7757"}],"wp:term":[{"taxonomy":"category","embeddable":true,"href":"https:\/\/dom-glina.hr\/index.php?rest_route=%2Fwp%2Fv2%2Fcategories&post=7757"},{"taxonomy":"post_tag","embeddable":true,"href":"https:\/\/dom-glina.hr\/index.php?rest_route=%2Fwp%2Fv2%2Ftags&post=7757"}],"curies":[{"name":"wp","href":"https:\/\/api.w.org\/{rel}","templated":true}]}}