{"id":7703,"date":"2025-12-30T19:32:14","date_gmt":"2025-12-30T18:32:14","guid":{"rendered":"https:\/\/dom-glina.hr\/?p=7703"},"modified":"2026-01-14T19:33:25","modified_gmt":"2026-01-14T18:33:25","slug":"29-12-2020-5-godina-nakon-razornog-potresa","status":"publish","type":"post","link":"https:\/\/dom-glina.hr\/?p=7703","title":{"rendered":"29.12.2020. &#8211; 5 GODINA NAKON RAZORNOG POTRESA"},"content":{"rendered":"<div dir=\"auto\">Prisjetimo se razornog potresa koji se dogodio tog nesretnog dana 29.12.2020 godine a koji je u velikoj mjeri o\u0161tetio na\u0161 dom, na\u0161e hodnike, sobe, kupaonice, stubi\u0161ta.<\/div>\n<div dir=\"auto\">Isti dan korisnike smo morali evakuirati u domove u Zagrebu te Lje\u010dili\u0161te Topusko \u0161to je iziskivalo veliki napor i trud.<\/div>\n<div dir=\"auto\">Nakon izlaska na teren stati\u010dara, dom je dobio \u017eutu naljepnicu te je privremeno bio neuporabljiv.<\/div>\n<div dir=\"auto\">U na\u0161em domu tada je bilo smje\u0161teno 73 korisnika i radilo 34 djelatnika koji su bili sve do jednoga toga 29. prosinca hrabro uz na\u0161e korisnike do 22.00 sati nave\u010der.<\/div>\n<div dir=\"auto\">Tek kada smo svih 73 ljudi zbrinuli na toplo i sigurno mjesto oti\u0161li smo svojim obiteljima a neki na\u017ealost i razru\u0161enim domovima.<\/div>\n<div dir=\"auto\">Vrlo brzo smo vratili sve korisnike iz Zagreba i smjestili ih u Lje\u010dili\u0161te Topusko gdje smo nastavili s radom.<\/div>\n<div dir=\"auto\">Obnova Doma je bila opse\u017ena i zahtjevna ali uspje\u0161no privedena svome kraju zahvaljuju\u0107i velikoj pomo\u0107i Sisa\u010dko moslava\u010dke \u017eupanije i \u017eupana Ivana Celjaka , Vladi Republike Hrvatske koja je usmjerila financijska sredstva prema Domu u Glini te Ministarstva rada, mirovinskog sustava, obitelji i socijalne politike koji su nam velika podr\u0161ka od dana potresa pa nadalje.<\/div>\n<div dir=\"auto\">Vratili smo na\u0161e korisnike i djelatnike vrlo brzo tamo gdje i pripadaju a to je<\/div>\n<div dir=\"auto\">Dom za starije osobe u Glini. <span class=\"html-span xexx8yu xyri2b x18d9i69 x1c1uobl x1hl2dhg x16tdsg8 x1vvkbs x3nfvp2 x1j61x8r x1fcty0u xdj266r xat24cr xm2jcoa x1mpyi22 xxymvpz xlup9mm x1kky2od\"><img loading=\"lazy\" decoding=\"async\" class=\"xz74otr x15mokao x1ga7v0g x16uus16 xbiv7yw\" src=\"https:\/\/static.xx.fbcdn.net\/images\/emoji.php\/v9\/t6c\/1\/16\/2764.png\" alt=\"\u2764\ufe0f\" width=\"16\" height=\"16\"><\/span><\/div>\n<div dir=\"auto\"><a href=\"https:\/\/www.facebook.com\/permalink.php?story_fbid=pfbid0ZoV5rqXgtsrTrjJJwod2kmSeBCbB5AGyn1witG8q1pHuUH5viq6ZSkjb6NoaW6UXl&amp;id=100057456069057\"><span style=\"text-decoration: underline; color: #3366ff;\"><em>link<\/em><\/span><\/a><\/div>\n","protected":false},"excerpt":{"rendered":"<p>Prisjetimo se razornog potresa koji se dogodio tog nesretnog dana 29.12.2020 godine a koji je u velikoj mjeri o\u0161tetio na\u0161 dom, na\u0161e hodnike, sobe, kupaonice, stubi\u0161ta. Isti dan korisnike smo morali evakuirati u domove u Zagrebu te Lje\u010dili\u0161te Topusko \u0161to je iziskivalo veliki napor i trud. Nakon izlaska na teren stati\u010dara, dom je dobio \u017eutu&hellip;<\/p>\n","protected":false},"author":1,"featured_media":7704,"comment_status":"closed","ping_status":"closed","sticky":false,"template":"","format":"standard","meta":{"_monsterinsights_skip_tracking":false,"_monsterinsights_sitenote_active":false,"_monsterinsights_sitenote_note":"","_monsterinsights_sitenote_category":0,"ngg_post_thumbnail":0,"footnotes":""},"categories":[2],"tags":[],"aioseo_notices":[],"_links":{"self":[{"href":"https:\/\/dom-glina.hr\/index.php?rest_route=\/wp\/v2\/posts\/7703"}],"collection":[{"href":"https:\/\/dom-glina.hr\/index.php?rest_route=\/wp\/v2\/posts"}],"about":[{"href":"https:\/\/dom-glina.hr\/index.php?rest_route=\/wp\/v2\/types\/post"}],"author":[{"embeddable":true,"href":"https:\/\/dom-glina.hr\/index.php?rest_route=\/wp\/v2\/users\/1"}],"replies":[{"embeddable":true,"href":"https:\/\/dom-glina.hr\/index.php?rest_route=%2Fwp%2Fv2%2Fcomments&post=7703"}],"version-history":[{"count":1,"href":"https:\/\/dom-glina.hr\/index.php?rest_route=\/wp\/v2\/posts\/7703\/revisions"}],"predecessor-version":[{"id":7705,"href":"https:\/\/dom-glina.hr\/index.php?rest_route=\/wp\/v2\/posts\/7703\/revisions\/7705"}],"wp:featuredmedia":[{"embeddable":true,"href":"https:\/\/dom-glina.hr\/index.php?rest_route=\/wp\/v2\/media\/7704"}],"wp:attachment":[{"href":"https:\/\/dom-glina.hr\/index.php?rest_route=%2Fwp%2Fv2%2Fmedia&parent=7703"}],"wp:term":[{"taxonomy":"category","embeddable":true,"href":"https:\/\/dom-glina.hr\/index.php?rest_route=%2Fwp%2Fv2%2Fcategories&post=7703"},{"taxonomy":"post_tag","embeddable":true,"href":"https:\/\/dom-glina.hr\/index.php?rest_route=%2Fwp%2Fv2%2Ftags&post=7703"}],"curies":[{"name":"wp","href":"https:\/\/api.w.org\/{rel}","templated":true}]}}