{"id":7514,"date":"2025-06-19T16:12:06","date_gmt":"2025-06-19T14:12:06","guid":{"rendered":"https:\/\/dom-glina.hr\/?p=7514"},"modified":"2025-09-07T16:13:22","modified_gmt":"2025-09-07T14:13:22","slug":"sveta-misa","status":"publish","type":"post","link":"https:\/\/dom-glina.hr\/?p=7514","title":{"rendered":"SVETA MISA"},"content":{"rendered":"<p>Povodom blagdana Tijelova- svetkovine presvetog Tijela i Krvi Kristove odr\u017eana je sveta misa u Domu koju je predvodio \u017eupnik \u017eupe sveti Ivan Nepomuk v\u010dl. Sa\u0161a Jozi\u0107.<br \/>\nNeka nas ova sveta svetkovina podsjeti na snagu vjere, ljepotu ti\u0161ine i zahvalnosti, te va\u017enost svakodnevne prisutnosti dobra u na\u0161im \u017eivotima.<br \/>\nNeka nam je svima blagoslovljen dana\u0161nji blagdan Tijelova\ud83d\ude4f\u2764\ufe0f\u200d\ud83d\udd25\ud83d\udd4a\ufe0f.<\/p>\n<p><a href=\"https:\/\/www.facebook.com\/permalink.php?story_fbid=pfbid0zpABdYBrb8UpK16Ae8UMKPSvBEx56rQvSt5eBjLhMSXCg2sfEgwEzgSKJanfBP59l&amp;id=100057456069057\"><span style=\"text-decoration: underline; color: #3366ff;\"><em>https:\/\/www.facebook.com\/permalink.php?story_fbid=pfbid0zpABdYBrb8UpK16Ae8UMKPSvBEx56rQvSt5eBjLhMSXCg2sfEgwEzgSKJanfBP59l&amp;id=100057456069057<\/em><\/span><\/a><\/p>\n","protected":false},"excerpt":{"rendered":"<p>Povodom blagdana Tijelova- svetkovine presvetog Tijela i Krvi Kristove odr\u017eana je sveta misa u Domu koju je predvodio \u017eupnik \u017eupe sveti Ivan Nepomuk v\u010dl. Sa\u0161a Jozi\u0107. Neka nas ova sveta svetkovina podsjeti na snagu vjere, ljepotu ti\u0161ine i zahvalnosti, te va\u017enost svakodnevne prisutnosti dobra u na\u0161im \u017eivotima. Neka nam je svima blagoslovljen dana\u0161nji blagdan Tijelova\ud83d\ude4f\u2764\ufe0f\u200d\ud83d\udd25\ud83d\udd4a\ufe0f.&hellip;<\/p>\n","protected":false},"author":1,"featured_media":7515,"comment_status":"closed","ping_status":"closed","sticky":false,"template":"","format":"standard","meta":{"_monsterinsights_skip_tracking":false,"_monsterinsights_sitenote_active":false,"_monsterinsights_sitenote_note":"","_monsterinsights_sitenote_category":0,"ngg_post_thumbnail":0,"footnotes":""},"categories":[2],"tags":[],"aioseo_notices":[],"_links":{"self":[{"href":"https:\/\/dom-glina.hr\/index.php?rest_route=\/wp\/v2\/posts\/7514"}],"collection":[{"href":"https:\/\/dom-glina.hr\/index.php?rest_route=\/wp\/v2\/posts"}],"about":[{"href":"https:\/\/dom-glina.hr\/index.php?rest_route=\/wp\/v2\/types\/post"}],"author":[{"embeddable":true,"href":"https:\/\/dom-glina.hr\/index.php?rest_route=\/wp\/v2\/users\/1"}],"replies":[{"embeddable":true,"href":"https:\/\/dom-glina.hr\/index.php?rest_route=%2Fwp%2Fv2%2Fcomments&post=7514"}],"version-history":[{"count":1,"href":"https:\/\/dom-glina.hr\/index.php?rest_route=\/wp\/v2\/posts\/7514\/revisions"}],"predecessor-version":[{"id":7516,"href":"https:\/\/dom-glina.hr\/index.php?rest_route=\/wp\/v2\/posts\/7514\/revisions\/7516"}],"wp:featuredmedia":[{"embeddable":true,"href":"https:\/\/dom-glina.hr\/index.php?rest_route=\/wp\/v2\/media\/7515"}],"wp:attachment":[{"href":"https:\/\/dom-glina.hr\/index.php?rest_route=%2Fwp%2Fv2%2Fmedia&parent=7514"}],"wp:term":[{"taxonomy":"category","embeddable":true,"href":"https:\/\/dom-glina.hr\/index.php?rest_route=%2Fwp%2Fv2%2Fcategories&post=7514"},{"taxonomy":"post_tag","embeddable":true,"href":"https:\/\/dom-glina.hr\/index.php?rest_route=%2Fwp%2Fv2%2Ftags&post=7514"}],"curies":[{"name":"wp","href":"https:\/\/api.w.org\/{rel}","templated":true}]}}