{"id":7489,"date":"2025-05-07T15:51:31","date_gmt":"2025-05-07T13:51:31","guid":{"rendered":"https:\/\/dom-glina.hr\/?p=7489"},"modified":"2025-09-07T15:53:06","modified_gmt":"2025-09-07T13:53:06","slug":"%f0%9d%90%92%f0%9d%90%84%f0%9d%90%83%f0%9d%90%80%f0%9d%90%8c-%f0%9d%90%86%f0%9d%90%8e%f0%9d%90%83%f0%9d%90%88%f0%9d%90%8d%f0%9d%90%80-%f0%9d%90%92%f0%9d%90%93%f0%9d%90%95%f0%9d%90%80%f0%9d%90%91","status":"publish","type":"post","link":"https:\/\/dom-glina.hr\/?p=7489","title":{"rendered":"\ud835\udc12\ud835\udc04\ud835\udc03\ud835\udc00\ud835\udc0c \ud835\udc06\ud835\udc0e\ud835\udc03\ud835\udc08\ud835\udc0d\ud835\udc00 \ud835\udc12\ud835\udc13\ud835\udc15\ud835\udc00\ud835\udc11\ud835\udc00\ud835\udc0d\ud835\udc09\ud835\udc00 \ud835\udc13\ud835\udc0e\ud835\udc0f\ud835\udc0b\ud835\udc0e\ud835\udc06 \ud835\udc08 \ud835\udc12\ud835\udc08\ud835\udc06\ud835\udc14\ud835\udc11\ud835\udc0d\ud835\udc0e\ud835\udc06 \ud835\udc0e\ud835\udc0a\ud835\udc11\ud835\udc14\ud835\udc19\u030c\ud835\udc04\ud835\udc0d\ud835\udc09\ud835\udc00 \ud835\udc19\ud835\udc00 \ud835\udc0a\ud835\udc0e\ud835\udc11\ud835\udc08\ud835\udc12\ud835\udc0d\ud835\udc08\ud835\udc0a\ud835\udc04"},"content":{"rendered":"<div class=\"x14z9mp xat24cr x1lziwak x1vvkbs xtlvy1s x126k92a\">\n<div dir=\"auto\">Sve\u010dano je bilo danas u Glini gdje je <span class=\"html-span xdj266r x14z9mp xat24cr x1lziwak xexx8yu xyri2b x18d9i69 x1c1uobl x1hl2dhg x16tdsg8 x1vvkbs\"><a class=\"x1i10hfl xjbqb8w x1ejq31n x18oe1m7 x1sy0etr xstzfhl x972fbf x10w94by x1qhh985 x14e42zd x9f619 x1ypdohk xt0psk2 x3ct3a4 xdj266r x14z9mp xat24cr x1lziwak xexx8yu xyri2b x18d9i69 x1c1uobl x16tdsg8 x1hl2dhg xggy1nq x1a2a7pz xkrqix3 x1sur9pj x1fey0fg x1s688f\" tabindex=\"0\" role=\"link\" href=\"https:\/\/www.facebook.com\/profile.php?id=100057456069057&amp;__cft__[0]=AZUkjHBjUvdHA8jsx2hC1tNOx8vt8aN6UPAxL05SYFR0KbU7szG2RH2SMDw79dPCfXLloDq8Aouea28tza-b8RjXhigSs68XKpdFLmrriWxF3NIJboFS-puORMpf9wRcniBaEaXe8zmBDBx1_X-kfUEVOVODWkbLq3aPTYFNpuddeA&amp;__tn__=-]K-R\"><span class=\"xt0psk2\"><span class=\"xjp7ctv\">Dom za starije osobe Glina<\/span><\/span><\/a><\/span><\/div>\n<div dir=\"auto\">obilje\u017eio <span class=\"html-span xexx8yu xyri2b x18d9i69 x1c1uobl x1hl2dhg x16tdsg8 x1vvkbs x3nfvp2 x1j61x8r x1fcty0u xdj266r xat24cr xm2jcoa x1mpyi22 xxymvpz xlup9mm x1kky2od\"><img loading=\"lazy\" decoding=\"async\" class=\"xz74otr x15mokao x1ga7v0g x16uus16 xbiv7yw\" src=\"https:\/\/static.xx.fbcdn.net\/images\/emoji.php\/v9\/t34\/1\/16\/37_20e3.png\" alt=\"7\ufe0f\u20e3\" width=\"16\" height=\"16\"><\/span> godina predanog rada, <span class=\"html-span xexx8yu xyri2b x18d9i69 x1c1uobl x1hl2dhg x16tdsg8 x1vvkbs x3nfvp2 x1j61x8r x1fcty0u xdj266r xat24cr xm2jcoa x1mpyi22 xxymvpz xlup9mm x1kky2od\"><img loading=\"lazy\" decoding=\"async\" class=\"xz74otr x15mokao x1ga7v0g x16uus16 xbiv7yw\" src=\"https:\/\/static.xx.fbcdn.net\/images\/emoji.php\/v9\/t34\/1\/16\/37_20e3.png\" alt=\"7\ufe0f\u20e3\" width=\"16\" height=\"16\"><\/span> godina pru\u017eanja skrbi, podr\u0161ke i stvaranja toplog i sigurnog okru\u017eenja za svoje korisnike <span class=\"html-span xexx8yu xyri2b x18d9i69 x1c1uobl x1hl2dhg x16tdsg8 x1vvkbs x3nfvp2 x1j61x8r x1fcty0u xdj266r xat24cr xm2jcoa x1mpyi22 xxymvpz xlup9mm x1kky2od\"><img loading=\"lazy\" decoding=\"async\" class=\"xz74otr x15mokao x1ga7v0g x16uus16 xbiv7yw\" src=\"https:\/\/static.xx.fbcdn.net\/images\/emoji.php\/v9\/t68\/1\/16\/1fac2.png\" alt=\"\ud83e\udec2\" width=\"16\" height=\"16\"><\/span><\/div>\n<\/div>\n<div class=\"x14z9mp xat24cr x1lziwak x1vvkbs xtlvy1s x126k92a\">\n<div dir=\"auto\"><span class=\"html-span xexx8yu xyri2b x18d9i69 x1c1uobl x1hl2dhg x16tdsg8 x1vvkbs x3nfvp2 x1j61x8r x1fcty0u xdj266r xat24cr xm2jcoa x1mpyi22 xxymvpz xlup9mm x1kky2od\"><img loading=\"lazy\" decoding=\"async\" class=\"xz74otr x15mokao x1ga7v0g x16uus16 xbiv7yw\" src=\"https:\/\/static.xx.fbcdn.net\/images\/emoji.php\/v9\/tb4\/1\/16\/1f38a.png\" alt=\"\ud83c\udf8a\" width=\"16\" height=\"16\"><\/span> \u010cestitku svim korisnicima i zaposlenicima u povodu sedme godi\u0161njice uputio je i \u017eupan <span class=\"html-span xdj266r x14z9mp xat24cr x1lziwak xexx8yu xyri2b x18d9i69 x1c1uobl x1hl2dhg x16tdsg8 x1vvkbs\"><a class=\"x1i10hfl xjbqb8w x1ejq31n x18oe1m7 x1sy0etr xstzfhl x972fbf x10w94by x1qhh985 x14e42zd x9f619 x1ypdohk xt0psk2 x3ct3a4 xdj266r x14z9mp xat24cr x1lziwak xexx8yu xyri2b x18d9i69 x1c1uobl x16tdsg8 x1hl2dhg xggy1nq x1a2a7pz xkrqix3 x1sur9pj x1fey0fg x1s688f\" tabindex=\"0\" role=\"link\" href=\"https:\/\/www.facebook.com\/ivan.celjak.sisak?__cft__[0]=AZUkjHBjUvdHA8jsx2hC1tNOx8vt8aN6UPAxL05SYFR0KbU7szG2RH2SMDw79dPCfXLloDq8Aouea28tza-b8RjXhigSs68XKpdFLmrriWxF3NIJboFS-puORMpf9wRcniBaEaXe8zmBDBx1_X-kfUEVOVODWkbLq3aPTYFNpuddeA&amp;__tn__=-]K-R\"><span class=\"xt0psk2\"><span class=\"xjp7ctv\">Ivan Celjak<\/span><\/span><\/a><\/span> koji je prisustvovao sve\u010danom programu te je obi\u0161ao Ambulantu za fizikalnu terapiju i Odjel za Alzheimer i ostale demencije \u010dije je ure\u0111enje i opremanje financirano iz \u017eupanijskog prora\u010duna.<\/div>\n<\/div>\n<div class=\"x14z9mp xat24cr x1lziwak x1vvkbs xtlvy1s x126k92a\">\n<div dir=\"auto\"><span class=\"html-span xexx8yu xyri2b x18d9i69 x1c1uobl x1hl2dhg x16tdsg8 x1vvkbs x3nfvp2 x1j61x8r x1fcty0u xdj266r xat24cr xm2jcoa x1mpyi22 xxymvpz xlup9mm x1kky2od\"><img loading=\"lazy\" decoding=\"async\" class=\"xz74otr x15mokao x1ga7v0g x16uus16 xbiv7yw\" src=\"https:\/\/static.xx.fbcdn.net\/images\/emoji.php\/v9\/tf8\/1\/16\/1f3e2.png\" alt=\"\ud83c\udfe2\" width=\"16\" height=\"16\"><\/span> Dom za starije osobe Glina obnovila je Sisa\u010dko-moslava\u010dka \u017eupanija. Pove\u0107an mu je kapacitet na <span class=\"html-span xexx8yu xyri2b x18d9i69 x1c1uobl x1hl2dhg x16tdsg8 x1vvkbs x3nfvp2 x1j61x8r x1fcty0u xdj266r xat24cr xm2jcoa x1mpyi22 xxymvpz xlup9mm x1kky2od\"><img loading=\"lazy\" decoding=\"async\" class=\"xz74otr x15mokao x1ga7v0g x16uus16 xbiv7yw\" src=\"https:\/\/static.xx.fbcdn.net\/images\/emoji.php\/v9\/t7a\/1\/16\/31_20e3.png\" alt=\"1\ufe0f\u20e3\" width=\"16\" height=\"16\"><\/span><span class=\"html-span xexx8yu xyri2b x18d9i69 x1c1uobl x1hl2dhg x16tdsg8 x1vvkbs x3nfvp2 x1j61x8r x1fcty0u xdj266r xat24cr xm2jcoa x1mpyi22 xxymvpz xlup9mm x1kky2od\"><img loading=\"lazy\" decoding=\"async\" class=\"xz74otr x15mokao x1ga7v0g x16uus16 xbiv7yw\" src=\"https:\/\/static.xx.fbcdn.net\/images\/emoji.php\/v9\/t5b\/1\/16\/30_20e3.png\" alt=\"0\ufe0f\u20e3\" width=\"16\" height=\"16\"><\/span><span class=\"html-span xexx8yu xyri2b x18d9i69 x1c1uobl x1hl2dhg x16tdsg8 x1vvkbs x3nfvp2 x1j61x8r x1fcty0u xdj266r xat24cr xm2jcoa x1mpyi22 xxymvpz xlup9mm x1kky2od\"><img loading=\"lazy\" decoding=\"async\" class=\"xz74otr x15mokao x1ga7v0g x16uus16 xbiv7yw\" src=\"https:\/\/static.xx.fbcdn.net\/images\/emoji.php\/v9\/td7\/1\/16\/34_20e3.png\" alt=\"4\ufe0f\u20e3\" width=\"16\" height=\"16\"><\/span> mjesta. U neposrednoj blizini \u017dupanija je izgradila prvo umirovljeni\u010dko naselje u Hrvatskoj sa <span class=\"html-span xexx8yu xyri2b x18d9i69 x1c1uobl x1hl2dhg x16tdsg8 x1vvkbs x3nfvp2 x1j61x8r x1fcty0u xdj266r xat24cr xm2jcoa x1mpyi22 xxymvpz xlup9mm x1kky2od\"><img loading=\"lazy\" decoding=\"async\" class=\"xz74otr x15mokao x1ga7v0g x16uus16 xbiv7yw\" src=\"https:\/\/static.xx.fbcdn.net\/images\/emoji.php\/v9\/t34\/1\/16\/37_20e3.png\" alt=\"7\ufe0f\u20e3\" width=\"16\" height=\"16\"><\/span><span class=\"html-span xexx8yu xyri2b x18d9i69 x1c1uobl x1hl2dhg x16tdsg8 x1vvkbs x3nfvp2 x1j61x8r x1fcty0u xdj266r xat24cr xm2jcoa x1mpyi22 xxymvpz xlup9mm x1kky2od\"><img loading=\"lazy\" decoding=\"async\" class=\"xz74otr x15mokao x1ga7v0g x16uus16 xbiv7yw\" src=\"https:\/\/static.xx.fbcdn.net\/images\/emoji.php\/v9\/td7\/1\/16\/34_20e3.png\" alt=\"4\ufe0f\u20e3\" width=\"16\" height=\"16\"><\/span> opremljene niskoenergetske ku\u0107e.<\/div>\n<\/div>\n<div dir=\"auto\">&nbsp;<\/div>\n<div dir=\"auto\"><a href=\"https:\/\/www.facebook.com\/sisacko.moslavacka\/posts\/pfbid032puPpCjsRdQ9aYNCzzEBmKbe2ZWPFdSNnuo4chRJmtMmhixEtvJW5nwbtfsGmvaEl\"><span style=\"text-decoration: underline; color: #3366ff;\"><em>https:\/\/www.facebook.com\/sisacko.moslavacka\/posts\/pfbid032puPpCjsRdQ9aYNCzzEBmKbe2ZWPFdSNnuo4chRJmtMmhixEtvJW5nwbtfsGmvaEl<\/em><\/span><\/a><\/div>\n","protected":false},"excerpt":{"rendered":"<p>Sve\u010dano je bilo danas u Glini gdje je Dom za starije osobe Glina obilje\u017eio godina predanog rada, godina pru\u017eanja skrbi, podr\u0161ke i stvaranja toplog i sigurnog okru\u017eenja za svoje korisnike \u010cestitku svim korisnicima i zaposlenicima u povodu sedme godi\u0161njice uputio je i \u017eupan Ivan Celjak koji je prisustvovao sve\u010danom programu te je obi\u0161ao Ambulantu za&hellip;<\/p>\n","protected":false},"author":1,"featured_media":7490,"comment_status":"closed","ping_status":"closed","sticky":false,"template":"","format":"standard","meta":{"_monsterinsights_skip_tracking":false,"_monsterinsights_sitenote_active":false,"_monsterinsights_sitenote_note":"","_monsterinsights_sitenote_category":0,"ngg_post_thumbnail":0,"footnotes":""},"categories":[2],"tags":[],"aioseo_notices":[],"_links":{"self":[{"href":"https:\/\/dom-glina.hr\/index.php?rest_route=\/wp\/v2\/posts\/7489"}],"collection":[{"href":"https:\/\/dom-glina.hr\/index.php?rest_route=\/wp\/v2\/posts"}],"about":[{"href":"https:\/\/dom-glina.hr\/index.php?rest_route=\/wp\/v2\/types\/post"}],"author":[{"embeddable":true,"href":"https:\/\/dom-glina.hr\/index.php?rest_route=\/wp\/v2\/users\/1"}],"replies":[{"embeddable":true,"href":"https:\/\/dom-glina.hr\/index.php?rest_route=%2Fwp%2Fv2%2Fcomments&post=7489"}],"version-history":[{"count":1,"href":"https:\/\/dom-glina.hr\/index.php?rest_route=\/wp\/v2\/posts\/7489\/revisions"}],"predecessor-version":[{"id":7491,"href":"https:\/\/dom-glina.hr\/index.php?rest_route=\/wp\/v2\/posts\/7489\/revisions\/7491"}],"wp:featuredmedia":[{"embeddable":true,"href":"https:\/\/dom-glina.hr\/index.php?rest_route=\/wp\/v2\/media\/7490"}],"wp:attachment":[{"href":"https:\/\/dom-glina.hr\/index.php?rest_route=%2Fwp%2Fv2%2Fmedia&parent=7489"}],"wp:term":[{"taxonomy":"category","embeddable":true,"href":"https:\/\/dom-glina.hr\/index.php?rest_route=%2Fwp%2Fv2%2Fcategories&post=7489"},{"taxonomy":"post_tag","embeddable":true,"href":"https:\/\/dom-glina.hr\/index.php?rest_route=%2Fwp%2Fv2%2Ftags&post=7489"}],"curies":[{"name":"wp","href":"https:\/\/api.w.org\/{rel}","templated":true}]}}