{"id":7486,"date":"2025-04-29T12:55:21","date_gmt":"2025-04-29T10:55:21","guid":{"rendered":"https:\/\/dom-glina.hr\/?p=7486"},"modified":"2025-09-07T12:57:04","modified_gmt":"2025-09-07T10:57:04","slug":"posjet-kulturno-umjetnickog-drustva-nur","status":"publish","type":"post","link":"https:\/\/dom-glina.hr\/?p=7486","title":{"rendered":"POSJET KULTURNO UMJETNI\u010cKOG DRU\u0160TVA &#8216; NUR&#8221;"},"content":{"rendered":"<div dir=\"auto\">Povodom Me\u0111unarodnog dana plesa danas su nas posjetili BKUD \u201cNur\u201d iz Siska koji njeguju bo\u0161nja\u010dku i bosansku kulturu i tradiciju kroz igru i pjesmu sevdalinku. U\u017eivali smo u pjesmi i plesu te se zahvaljujemo njihovom umjetni\u010dkom voditelju Zijadu Fuki i svim \u010dlanovima na dolasku.<\/div>\n<div dir=\"auto\">Ugodno smo ostali iznena\u0111eni finim kola\u010dima koje su ispekle i donijele \u010dlanice KUD-a te tako po\u010dastile na\u0161e korisnike. Hvala im od srca!<span class=\"html-span xexx8yu xyri2b x18d9i69 x1c1uobl x1hl2dhg x16tdsg8 x1vvkbs x3nfvp2 x1j61x8r x1fcty0u xdj266r xat24cr xm2jcoa x1mpyi22 xxymvpz xlup9mm x1kky2od\"><img loading=\"lazy\" decoding=\"async\" class=\"xz74otr x15mokao x1ga7v0g x16uus16 xbiv7yw\" src=\"https:\/\/static.xx.fbcdn.net\/images\/emoji.php\/v9\/t6c\/1\/16\/2764.png\" alt=\"\u2764\ufe0f\" width=\"16\" height=\"16\"><\/span><span class=\"html-span xexx8yu xyri2b x18d9i69 x1c1uobl x1hl2dhg x16tdsg8 x1vvkbs x3nfvp2 x1j61x8r x1fcty0u xdj266r xat24cr xm2jcoa x1mpyi22 xxymvpz xlup9mm x1kky2od\"><img loading=\"lazy\" decoding=\"async\" class=\"xz74otr x15mokao x1ga7v0g x16uus16 xbiv7yw\" src=\"https:\/\/static.xx.fbcdn.net\/images\/emoji.php\/v9\/tea\/1\/16\/1f970.png\" alt=\"\ud83e\udd70\" width=\"16\" height=\"16\"><\/span><\/div>\n<div dir=\"auto\">&nbsp;<\/div>\n<div dir=\"auto\"><a href=\"https:\/\/www.facebook.com\/permalink.php?story_fbid=pfbid02BdgRE4trzzSfsAJkTAzwmApMna8ZueN5UkSpjcGmiG9bnCfRdxDaVAc26PRVRDMel&amp;id=100057456069057\"><span style=\"text-decoration: underline; color: #3366ff;\"><em>https:\/\/www.facebook.com\/permalink.php?story_fbid=pfbid02BdgRE4trzzSfsAJkTAzwmApMna8ZueN5UkSpjcGmiG9bnCfRdxDaVAc26PRVRDMel&amp;id=100057456069057<\/em><\/span><\/a><\/div>\n","protected":false},"excerpt":{"rendered":"<p>Povodom Me\u0111unarodnog dana plesa danas su nas posjetili BKUD \u201cNur\u201d iz Siska koji njeguju bo\u0161nja\u010dku i bosansku kulturu i tradiciju kroz igru i pjesmu sevdalinku. U\u017eivali smo u pjesmi i plesu te se zahvaljujemo njihovom umjetni\u010dkom voditelju Zijadu Fuki i svim \u010dlanovima na dolasku. Ugodno smo ostali iznena\u0111eni finim kola\u010dima koje su ispekle i donijele&hellip;<\/p>\n","protected":false},"author":1,"featured_media":7487,"comment_status":"closed","ping_status":"closed","sticky":false,"template":"","format":"standard","meta":{"_monsterinsights_skip_tracking":false,"_monsterinsights_sitenote_active":false,"_monsterinsights_sitenote_note":"","_monsterinsights_sitenote_category":0,"ngg_post_thumbnail":0,"footnotes":""},"categories":[2],"tags":[],"aioseo_notices":[],"_links":{"self":[{"href":"https:\/\/dom-glina.hr\/index.php?rest_route=\/wp\/v2\/posts\/7486"}],"collection":[{"href":"https:\/\/dom-glina.hr\/index.php?rest_route=\/wp\/v2\/posts"}],"about":[{"href":"https:\/\/dom-glina.hr\/index.php?rest_route=\/wp\/v2\/types\/post"}],"author":[{"embeddable":true,"href":"https:\/\/dom-glina.hr\/index.php?rest_route=\/wp\/v2\/users\/1"}],"replies":[{"embeddable":true,"href":"https:\/\/dom-glina.hr\/index.php?rest_route=%2Fwp%2Fv2%2Fcomments&post=7486"}],"version-history":[{"count":1,"href":"https:\/\/dom-glina.hr\/index.php?rest_route=\/wp\/v2\/posts\/7486\/revisions"}],"predecessor-version":[{"id":7488,"href":"https:\/\/dom-glina.hr\/index.php?rest_route=\/wp\/v2\/posts\/7486\/revisions\/7488"}],"wp:featuredmedia":[{"embeddable":true,"href":"https:\/\/dom-glina.hr\/index.php?rest_route=\/wp\/v2\/media\/7487"}],"wp:attachment":[{"href":"https:\/\/dom-glina.hr\/index.php?rest_route=%2Fwp%2Fv2%2Fmedia&parent=7486"}],"wp:term":[{"taxonomy":"category","embeddable":true,"href":"https:\/\/dom-glina.hr\/index.php?rest_route=%2Fwp%2Fv2%2Fcategories&post=7486"},{"taxonomy":"post_tag","embeddable":true,"href":"https:\/\/dom-glina.hr\/index.php?rest_route=%2Fwp%2Fv2%2Ftags&post=7486"}],"curies":[{"name":"wp","href":"https:\/\/api.w.org\/{rel}","templated":true}]}}