{"id":7477,"date":"2025-04-14T12:46:59","date_gmt":"2025-04-14T10:46:59","guid":{"rendered":"https:\/\/dom-glina.hr\/?p=7477"},"modified":"2025-09-07T12:49:33","modified_gmt":"2025-09-07T10:49:33","slug":"setnja-i-uzivanje","status":"publish","type":"post","link":"https:\/\/dom-glina.hr\/?p=7477","title":{"rendered":"\u0160etnja  i u\u017eivanje"},"content":{"rendered":"<p>\u0160etnja i u\u017eivanje u sjenici u pratnji socijalne radnice i fizioterapeutice Doma za starije osobe Glina.<\/p>\n<p><a href=\"https:\/\/www.facebook.com\/permalink.php?story_fbid=pfbid0ybwJVDtmebdwLp4XrQkQeJDJV6ucpTFKRZDCTCbdvCsHGbUCMmD8PoieXE6p5EbWl&amp;id=100057456069057\"><span style=\"text-decoration: underline; color: #3366ff;\"><em>https:\/\/www.facebook.com\/permalink.php?story_fbid=pfbid0ybwJVDtmebdwLp4XrQkQeJDJV6ucpTFKRZDCTCbdvCsHGbUCMmD8PoieXE6p5EbWl&amp;id=100057456069057<\/em><\/span><\/a><\/p>\n<p>&nbsp;<\/p>\n","protected":false},"excerpt":{"rendered":"<p>\u0160etnja i u\u017eivanje u sjenici u pratnji socijalne radnice i fizioterapeutice Doma za starije osobe Glina. https:\/\/www.facebook.com\/permalink.php?story_fbid=pfbid0ybwJVDtmebdwLp4XrQkQeJDJV6ucpTFKRZDCTCbdvCsHGbUCMmD8PoieXE6p5EbWl&amp;id=100057456069057 &nbsp;<\/p>\n","protected":false},"author":1,"featured_media":7478,"comment_status":"closed","ping_status":"closed","sticky":false,"template":"","format":"standard","meta":{"_monsterinsights_skip_tracking":false,"_monsterinsights_sitenote_active":false,"_monsterinsights_sitenote_note":"","_monsterinsights_sitenote_category":0,"ngg_post_thumbnail":0,"footnotes":""},"categories":[2],"tags":[],"aioseo_notices":[],"_links":{"self":[{"href":"https:\/\/dom-glina.hr\/index.php?rest_route=\/wp\/v2\/posts\/7477"}],"collection":[{"href":"https:\/\/dom-glina.hr\/index.php?rest_route=\/wp\/v2\/posts"}],"about":[{"href":"https:\/\/dom-glina.hr\/index.php?rest_route=\/wp\/v2\/types\/post"}],"author":[{"embeddable":true,"href":"https:\/\/dom-glina.hr\/index.php?rest_route=\/wp\/v2\/users\/1"}],"replies":[{"embeddable":true,"href":"https:\/\/dom-glina.hr\/index.php?rest_route=%2Fwp%2Fv2%2Fcomments&post=7477"}],"version-history":[{"count":1,"href":"https:\/\/dom-glina.hr\/index.php?rest_route=\/wp\/v2\/posts\/7477\/revisions"}],"predecessor-version":[{"id":7479,"href":"https:\/\/dom-glina.hr\/index.php?rest_route=\/wp\/v2\/posts\/7477\/revisions\/7479"}],"wp:featuredmedia":[{"embeddable":true,"href":"https:\/\/dom-glina.hr\/index.php?rest_route=\/wp\/v2\/media\/7478"}],"wp:attachment":[{"href":"https:\/\/dom-glina.hr\/index.php?rest_route=%2Fwp%2Fv2%2Fmedia&parent=7477"}],"wp:term":[{"taxonomy":"category","embeddable":true,"href":"https:\/\/dom-glina.hr\/index.php?rest_route=%2Fwp%2Fv2%2Fcategories&post=7477"},{"taxonomy":"post_tag","embeddable":true,"href":"https:\/\/dom-glina.hr\/index.php?rest_route=%2Fwp%2Fv2%2Ftags&post=7477"}],"curies":[{"name":"wp","href":"https:\/\/api.w.org\/{rel}","templated":true}]}}