{"id":7364,"date":"2025-03-25T16:47:06","date_gmt":"2025-03-25T15:47:06","guid":{"rendered":"https:\/\/dom-glina.hr\/?p=7364"},"modified":"2025-04-06T16:48:24","modified_gmt":"2025-04-06T14:48:24","slug":"na-blagdan-blagovijesti-odrzana-je-sveta-misa","status":"publish","type":"post","link":"https:\/\/dom-glina.hr\/?p=7364","title":{"rendered":"Na blagdan Blagovijesti odr\u017eana je sveta misa"},"content":{"rendered":"<p>Na blagdan Blagovijesti odr\u017eana je sveta misa u Domu koju je predvodio \u017eupnik \u017eupe sveti Ivan Nepomuk v\u010dl. Sa\u0161a Jozi\u0107.<br \/>\nNeka nam je svima blagoslovljen dana\u0161nji blagdan Blagovijesti<\/p>\n<p><a href=\"https:\/\/www.facebook.com\/permalink.php?story_fbid=pfbid01SSWFBhmXuUMatuHQG5i3uiyFebahRu8aEQMod7nGich3m6K3nhNVLfm8ntK7ZLCl&amp;id=100057456069057\"><span style=\"text-decoration: underline; color: #3366ff;\"><em>https:\/\/www.facebook.com\/permalink.php?story_fbid=pfbid01SSWFBhmXuUMatuHQG5i3uiyFebahRu8aEQMod7nGich3m6K3nhNVLfm8ntK7ZLCl&amp;id=100057456069057<\/em><\/span><\/a><\/p>\n<p>&nbsp;<\/p>\n","protected":false},"excerpt":{"rendered":"<p>Na blagdan Blagovijesti odr\u017eana je sveta misa u Domu koju je predvodio \u017eupnik \u017eupe sveti Ivan Nepomuk v\u010dl. Sa\u0161a Jozi\u0107. Neka nam je svima blagoslovljen dana\u0161nji blagdan Blagovijesti https:\/\/www.facebook.com\/permalink.php?story_fbid=pfbid01SSWFBhmXuUMatuHQG5i3uiyFebahRu8aEQMod7nGich3m6K3nhNVLfm8ntK7ZLCl&amp;id=100057456069057 &nbsp;<\/p>\n","protected":false},"author":1,"featured_media":7365,"comment_status":"closed","ping_status":"closed","sticky":false,"template":"","format":"standard","meta":{"_monsterinsights_skip_tracking":false,"_monsterinsights_sitenote_active":false,"_monsterinsights_sitenote_note":"","_monsterinsights_sitenote_category":0,"ngg_post_thumbnail":0,"footnotes":""},"categories":[2],"tags":[],"aioseo_notices":[],"_links":{"self":[{"href":"https:\/\/dom-glina.hr\/index.php?rest_route=\/wp\/v2\/posts\/7364"}],"collection":[{"href":"https:\/\/dom-glina.hr\/index.php?rest_route=\/wp\/v2\/posts"}],"about":[{"href":"https:\/\/dom-glina.hr\/index.php?rest_route=\/wp\/v2\/types\/post"}],"author":[{"embeddable":true,"href":"https:\/\/dom-glina.hr\/index.php?rest_route=\/wp\/v2\/users\/1"}],"replies":[{"embeddable":true,"href":"https:\/\/dom-glina.hr\/index.php?rest_route=%2Fwp%2Fv2%2Fcomments&post=7364"}],"version-history":[{"count":1,"href":"https:\/\/dom-glina.hr\/index.php?rest_route=\/wp\/v2\/posts\/7364\/revisions"}],"predecessor-version":[{"id":7366,"href":"https:\/\/dom-glina.hr\/index.php?rest_route=\/wp\/v2\/posts\/7364\/revisions\/7366"}],"wp:featuredmedia":[{"embeddable":true,"href":"https:\/\/dom-glina.hr\/index.php?rest_route=\/wp\/v2\/media\/7365"}],"wp:attachment":[{"href":"https:\/\/dom-glina.hr\/index.php?rest_route=%2Fwp%2Fv2%2Fmedia&parent=7364"}],"wp:term":[{"taxonomy":"category","embeddable":true,"href":"https:\/\/dom-glina.hr\/index.php?rest_route=%2Fwp%2Fv2%2Fcategories&post=7364"},{"taxonomy":"post_tag","embeddable":true,"href":"https:\/\/dom-glina.hr\/index.php?rest_route=%2Fwp%2Fv2%2Ftags&post=7364"}],"curies":[{"name":"wp","href":"https:\/\/api.w.org\/{rel}","templated":true}]}}