{"id":7346,"date":"2025-03-12T16:34:33","date_gmt":"2025-03-12T15:34:33","guid":{"rendered":"https:\/\/dom-glina.hr\/?p=7346"},"modified":"2025-04-06T16:36:11","modified_gmt":"2025-04-06T14:36:11","slug":"kava-na-korzu-2","status":"publish","type":"post","link":"https:\/\/dom-glina.hr\/?p=7346","title":{"rendered":"KAVA NA KORZU"},"content":{"rendered":"<p>Sun\u010dan dan izmamio je korisnike na kavu koju su popili u ugodnom dru\u0161tvu socijalne radnice, glavne sestre i fizioterapeutice na na\u0161em prelijepom glinskom korzu.<\/p>\n<p><a href=\"https:\/\/www.facebook.com\/permalink.php?story_fbid=pfbid02wgnMNpicRwSfv9cA9iVEu66dQ28YYjGooNHt1JmYX3ePMSAm9rXRcKciKKvwtC8hl&amp;id=100057456069057\"><span style=\"text-decoration: underline; color: #3366ff;\"><em>https:\/\/www.facebook.com\/permalink.php?story_fbid=pfbid02wgnMNpicRwSfv9cA9iVEu66dQ28YYjGooNHt1JmYX3ePMSAm9rXRcKciKKvwtC8hl&amp;id=100057456069057<\/em><\/span><\/a><\/p>\n","protected":false},"excerpt":{"rendered":"<p>Sun\u010dan dan izmamio je korisnike na kavu koju su popili u ugodnom dru\u0161tvu socijalne radnice, glavne sestre i fizioterapeutice na na\u0161em prelijepom glinskom korzu. https:\/\/www.facebook.com\/permalink.php?story_fbid=pfbid02wgnMNpicRwSfv9cA9iVEu66dQ28YYjGooNHt1JmYX3ePMSAm9rXRcKciKKvwtC8hl&amp;id=100057456069057<\/p>\n","protected":false},"author":1,"featured_media":7347,"comment_status":"closed","ping_status":"closed","sticky":false,"template":"","format":"standard","meta":{"_monsterinsights_skip_tracking":false,"_monsterinsights_sitenote_active":false,"_monsterinsights_sitenote_note":"","_monsterinsights_sitenote_category":0,"ngg_post_thumbnail":0,"footnotes":""},"categories":[2],"tags":[],"aioseo_notices":[],"_links":{"self":[{"href":"https:\/\/dom-glina.hr\/index.php?rest_route=\/wp\/v2\/posts\/7346"}],"collection":[{"href":"https:\/\/dom-glina.hr\/index.php?rest_route=\/wp\/v2\/posts"}],"about":[{"href":"https:\/\/dom-glina.hr\/index.php?rest_route=\/wp\/v2\/types\/post"}],"author":[{"embeddable":true,"href":"https:\/\/dom-glina.hr\/index.php?rest_route=\/wp\/v2\/users\/1"}],"replies":[{"embeddable":true,"href":"https:\/\/dom-glina.hr\/index.php?rest_route=%2Fwp%2Fv2%2Fcomments&post=7346"}],"version-history":[{"count":1,"href":"https:\/\/dom-glina.hr\/index.php?rest_route=\/wp\/v2\/posts\/7346\/revisions"}],"predecessor-version":[{"id":7348,"href":"https:\/\/dom-glina.hr\/index.php?rest_route=\/wp\/v2\/posts\/7346\/revisions\/7348"}],"wp:featuredmedia":[{"embeddable":true,"href":"https:\/\/dom-glina.hr\/index.php?rest_route=\/wp\/v2\/media\/7347"}],"wp:attachment":[{"href":"https:\/\/dom-glina.hr\/index.php?rest_route=%2Fwp%2Fv2%2Fmedia&parent=7346"}],"wp:term":[{"taxonomy":"category","embeddable":true,"href":"https:\/\/dom-glina.hr\/index.php?rest_route=%2Fwp%2Fv2%2Fcategories&post=7346"},{"taxonomy":"post_tag","embeddable":true,"href":"https:\/\/dom-glina.hr\/index.php?rest_route=%2Fwp%2Fv2%2Ftags&post=7346"}],"curies":[{"name":"wp","href":"https:\/\/api.w.org\/{rel}","templated":true}]}}