{"id":7343,"date":"2025-03-08T16:31:06","date_gmt":"2025-03-08T15:31:06","guid":{"rendered":"https:\/\/dom-glina.hr\/?p=7343"},"modified":"2025-04-06T16:34:05","modified_gmt":"2025-04-06T14:34:05","slug":"obiljezen-dan-zena","status":"publish","type":"post","link":"https:\/\/dom-glina.hr\/?p=7343","title":{"rendered":"OBILJE\u017dEN DAN \u017dENA"},"content":{"rendered":"<p>Povodom Dana \u017eena u petak 7.o\u017eujka u goste su nam do\u0161li tambura\u0161i , pjesma se orila Domom ,veselje je bilo obostrano, a na kraju se i zaplesalo.<br \/>\nNa\u0161 djelatnik Tihomir podijelio je ru\u017ee djelatnicama i korisnicama.<br \/>\nSretan nadolaze\u0107i Me\u0111unarodni dan \u017eena \u017eele Vam korisnici i djelatnici Doma.<\/p>\n<p><a href=\"https:\/\/www.facebook.com\/permalink.php?story_fbid=pfbid02UxywRzuyn6MJL2uGN3xYBShh5wUvUQMpRjbkJfjKuaFwmiKmk9eKctxQBqBsXuihl&amp;id=100057456069057\"><span style=\"text-decoration: underline; color: #3366ff;\"><em>https:\/\/www.facebook.com\/permalink.php?story_fbid=pfbid02UxywRzuyn6MJL2uGN3xYBShh5wUvUQMpRjbkJfjKuaFwmiKmk9eKctxQBqBsXuihl&amp;id=100057456069057<\/em><\/span><\/a><\/p>\n","protected":false},"excerpt":{"rendered":"<p>Povodom Dana \u017eena u petak 7.o\u017eujka u goste su nam do\u0161li tambura\u0161i , pjesma se orila Domom ,veselje je bilo obostrano, a na kraju se i zaplesalo. Na\u0161 djelatnik Tihomir podijelio je ru\u017ee djelatnicama i korisnicama. Sretan nadolaze\u0107i Me\u0111unarodni dan \u017eena \u017eele Vam korisnici i djelatnici Doma. https:\/\/www.facebook.com\/permalink.php?story_fbid=pfbid02UxywRzuyn6MJL2uGN3xYBShh5wUvUQMpRjbkJfjKuaFwmiKmk9eKctxQBqBsXuihl&amp;id=100057456069057<\/p>\n","protected":false},"author":1,"featured_media":7344,"comment_status":"closed","ping_status":"closed","sticky":false,"template":"","format":"standard","meta":{"_monsterinsights_skip_tracking":false,"_monsterinsights_sitenote_active":false,"_monsterinsights_sitenote_note":"","_monsterinsights_sitenote_category":0,"ngg_post_thumbnail":0,"footnotes":""},"categories":[2],"tags":[],"aioseo_notices":[],"_links":{"self":[{"href":"https:\/\/dom-glina.hr\/index.php?rest_route=\/wp\/v2\/posts\/7343"}],"collection":[{"href":"https:\/\/dom-glina.hr\/index.php?rest_route=\/wp\/v2\/posts"}],"about":[{"href":"https:\/\/dom-glina.hr\/index.php?rest_route=\/wp\/v2\/types\/post"}],"author":[{"embeddable":true,"href":"https:\/\/dom-glina.hr\/index.php?rest_route=\/wp\/v2\/users\/1"}],"replies":[{"embeddable":true,"href":"https:\/\/dom-glina.hr\/index.php?rest_route=%2Fwp%2Fv2%2Fcomments&post=7343"}],"version-history":[{"count":1,"href":"https:\/\/dom-glina.hr\/index.php?rest_route=\/wp\/v2\/posts\/7343\/revisions"}],"predecessor-version":[{"id":7345,"href":"https:\/\/dom-glina.hr\/index.php?rest_route=\/wp\/v2\/posts\/7343\/revisions\/7345"}],"wp:featuredmedia":[{"embeddable":true,"href":"https:\/\/dom-glina.hr\/index.php?rest_route=\/wp\/v2\/media\/7344"}],"wp:attachment":[{"href":"https:\/\/dom-glina.hr\/index.php?rest_route=%2Fwp%2Fv2%2Fmedia&parent=7343"}],"wp:term":[{"taxonomy":"category","embeddable":true,"href":"https:\/\/dom-glina.hr\/index.php?rest_route=%2Fwp%2Fv2%2Fcategories&post=7343"},{"taxonomy":"post_tag","embeddable":true,"href":"https:\/\/dom-glina.hr\/index.php?rest_route=%2Fwp%2Fv2%2Ftags&post=7343"}],"curies":[{"name":"wp","href":"https:\/\/api.w.org\/{rel}","templated":true}]}}