{"id":7328,"date":"2025-02-11T16:20:39","date_gmt":"2025-02-11T15:20:39","guid":{"rendered":"https:\/\/dom-glina.hr\/?p=7328"},"modified":"2025-04-06T16:22:51","modified_gmt":"2025-04-06T14:22:51","slug":"svjetski-dan-bolesnika","status":"publish","type":"post","link":"https:\/\/dom-glina.hr\/?p=7328","title":{"rendered":"SVJETSKI DAN BOLESNIKA"},"content":{"rendered":"<p>Svjetski dan bolesnika obilje\u017eava se svake godine 11. velja\u010de u mnogim zemljama diljem svijeta, a utemeljio ga je Papa Ivan Pavao II. 1992. godine kako bi skrenuo pozornost na bolesnike i njihove probleme.<br \/>\nSvrha obilje\u017eavanja ovog Dana je podizanje svijesti \u0161ire javnosti o potrebama bolesnika te te\u017enja za stvaranjem bolje zdravstvene i dru\u0161tvene za\u0161tite koja \u0107e svakom oboljelom omogu\u0107iti dostupnu i kvalitetnu zdravstvenu skrb.<br \/>\nObilje\u017eili smo ovaj dan na na\u010din da su medicinske sestre Doma mjerile krvni tlak i \u0161e\u0107er osoblju i korisnicima.<\/p>\n<p><a href=\"https:\/\/www.facebook.com\/permalink.php?story_fbid=pfbid02GHTCF2msD3FSD6RFtTyDavdU1QJpEwfAt7wby5inC6jmKfKSRrmXxuah3uWCkuBWl&amp;id=100057456069057\"><span style=\"text-decoration: underline; color: #3366ff;\"><em>https:\/\/www.facebook.com\/permalink.php?story_fbid=pfbid02GHTCF2msD3FSD6RFtTyDavdU1QJpEwfAt7wby5inC6jmKfKSRrmXxuah3uWCkuBWl&amp;id=100057456069057<\/em><\/span><\/a><\/p>\n<p>&nbsp;<\/p>\n","protected":false},"excerpt":{"rendered":"<p>Svjetski dan bolesnika obilje\u017eava se svake godine 11. velja\u010de u mnogim zemljama diljem svijeta, a utemeljio ga je Papa Ivan Pavao II. 1992. godine kako bi skrenuo pozornost na bolesnike i njihove probleme. Svrha obilje\u017eavanja ovog Dana je podizanje svijesti \u0161ire javnosti o potrebama bolesnika te te\u017enja za stvaranjem bolje zdravstvene i dru\u0161tvene za\u0161tite koja&hellip;<\/p>\n","protected":false},"author":1,"featured_media":7329,"comment_status":"closed","ping_status":"closed","sticky":false,"template":"","format":"standard","meta":{"_monsterinsights_skip_tracking":false,"_monsterinsights_sitenote_active":false,"_monsterinsights_sitenote_note":"","_monsterinsights_sitenote_category":0,"ngg_post_thumbnail":0,"footnotes":""},"categories":[2],"tags":[],"aioseo_notices":[],"_links":{"self":[{"href":"https:\/\/dom-glina.hr\/index.php?rest_route=\/wp\/v2\/posts\/7328"}],"collection":[{"href":"https:\/\/dom-glina.hr\/index.php?rest_route=\/wp\/v2\/posts"}],"about":[{"href":"https:\/\/dom-glina.hr\/index.php?rest_route=\/wp\/v2\/types\/post"}],"author":[{"embeddable":true,"href":"https:\/\/dom-glina.hr\/index.php?rest_route=\/wp\/v2\/users\/1"}],"replies":[{"embeddable":true,"href":"https:\/\/dom-glina.hr\/index.php?rest_route=%2Fwp%2Fv2%2Fcomments&post=7328"}],"version-history":[{"count":1,"href":"https:\/\/dom-glina.hr\/index.php?rest_route=\/wp\/v2\/posts\/7328\/revisions"}],"predecessor-version":[{"id":7330,"href":"https:\/\/dom-glina.hr\/index.php?rest_route=\/wp\/v2\/posts\/7328\/revisions\/7330"}],"wp:featuredmedia":[{"embeddable":true,"href":"https:\/\/dom-glina.hr\/index.php?rest_route=\/wp\/v2\/media\/7329"}],"wp:attachment":[{"href":"https:\/\/dom-glina.hr\/index.php?rest_route=%2Fwp%2Fv2%2Fmedia&parent=7328"}],"wp:term":[{"taxonomy":"category","embeddable":true,"href":"https:\/\/dom-glina.hr\/index.php?rest_route=%2Fwp%2Fv2%2Fcategories&post=7328"},{"taxonomy":"post_tag","embeddable":true,"href":"https:\/\/dom-glina.hr\/index.php?rest_route=%2Fwp%2Fv2%2Ftags&post=7328"}],"curies":[{"name":"wp","href":"https:\/\/api.w.org\/{rel}","templated":true}]}}