{"id":7313,"date":"2025-02-07T16:03:50","date_gmt":"2025-02-07T15:03:50","guid":{"rendered":"https:\/\/dom-glina.hr\/?p=7313"},"modified":"2025-04-06T16:10:33","modified_gmt":"2025-04-06T14:10:33","slug":"dan-crvenih-haljina-4","status":"publish","type":"post","link":"https:\/\/dom-glina.hr\/?p=7313","title":{"rendered":"DAN CRVENIH HALJINA"},"content":{"rendered":"<p>Dom za starije osobe Glina priklju\u010dio se obilje\u017eavanju &#8220;Dana crvenih haljina&#8221; koji je posve\u0107en borbi protiv mo\u017edanog udara kod \u017eena. Glavna sestra Doma Dragana Kukole\u010da odr\u017eala je predavanje o mo\u017edanom udaru koje ima za cilj potaknuti \u017eene da se brinu o svom zdravlju, prvenstveno zdravlju srca i krvnih \u017eila jer je ve\u0107inu tih bolesti mogu\u0107e sprije\u010diti zdravim \u017eivotnim navikama.<\/p>\n<p><a href=\"https:\/\/www.facebook.com\/permalink.php?story_fbid=pfbid0ueBWZBcdVVfYarmTy6WWiR8fTAnbowGTtsSoJwiUqcHiixCnRK1Q1rQkzffJdiL8l&amp;id=100057456069057\"><span style=\"text-decoration: underline; color: #3366ff;\"><em>https:\/\/www.facebook.com\/permalink.php?story_fbid=pfbid0ueBWZBcdVVfYarmTy6WWiR8fTAnbowGTtsSoJwiUqcHiixCnRK1Q1rQkzffJdiL8l&amp;id=100057456069057<\/em><\/span><\/a><\/p>\n","protected":false},"excerpt":{"rendered":"<p>Dom za starije osobe Glina priklju\u010dio se obilje\u017eavanju &#8220;Dana crvenih haljina&#8221; koji je posve\u0107en borbi protiv mo\u017edanog udara kod \u017eena. Glavna sestra Doma Dragana Kukole\u010da odr\u017eala je predavanje o mo\u017edanom udaru koje ima za cilj potaknuti \u017eene da se brinu o svom zdravlju, prvenstveno zdravlju srca i krvnih \u017eila jer je ve\u0107inu tih bolesti mogu\u0107e&hellip;<\/p>\n","protected":false},"author":1,"featured_media":7314,"comment_status":"closed","ping_status":"closed","sticky":false,"template":"","format":"standard","meta":{"_monsterinsights_skip_tracking":false,"_monsterinsights_sitenote_active":false,"_monsterinsights_sitenote_note":"","_monsterinsights_sitenote_category":0,"ngg_post_thumbnail":0,"footnotes":""},"categories":[2],"tags":[],"aioseo_notices":[],"_links":{"self":[{"href":"https:\/\/dom-glina.hr\/index.php?rest_route=\/wp\/v2\/posts\/7313"}],"collection":[{"href":"https:\/\/dom-glina.hr\/index.php?rest_route=\/wp\/v2\/posts"}],"about":[{"href":"https:\/\/dom-glina.hr\/index.php?rest_route=\/wp\/v2\/types\/post"}],"author":[{"embeddable":true,"href":"https:\/\/dom-glina.hr\/index.php?rest_route=\/wp\/v2\/users\/1"}],"replies":[{"embeddable":true,"href":"https:\/\/dom-glina.hr\/index.php?rest_route=%2Fwp%2Fv2%2Fcomments&post=7313"}],"version-history":[{"count":1,"href":"https:\/\/dom-glina.hr\/index.php?rest_route=\/wp\/v2\/posts\/7313\/revisions"}],"predecessor-version":[{"id":7315,"href":"https:\/\/dom-glina.hr\/index.php?rest_route=\/wp\/v2\/posts\/7313\/revisions\/7315"}],"wp:featuredmedia":[{"embeddable":true,"href":"https:\/\/dom-glina.hr\/index.php?rest_route=\/wp\/v2\/media\/7314"}],"wp:attachment":[{"href":"https:\/\/dom-glina.hr\/index.php?rest_route=%2Fwp%2Fv2%2Fmedia&parent=7313"}],"wp:term":[{"taxonomy":"category","embeddable":true,"href":"https:\/\/dom-glina.hr\/index.php?rest_route=%2Fwp%2Fv2%2Fcategories&post=7313"},{"taxonomy":"post_tag","embeddable":true,"href":"https:\/\/dom-glina.hr\/index.php?rest_route=%2Fwp%2Fv2%2Ftags&post=7313"}],"curies":[{"name":"wp","href":"https:\/\/api.w.org\/{rel}","templated":true}]}}