{"id":7297,"date":"2025-03-11T14:01:20","date_gmt":"2025-03-11T13:01:20","guid":{"rendered":"https:\/\/dom-glina.hr\/?p=7297"},"modified":"2025-03-28T15:09:05","modified_gmt":"2025-03-28T14:09:05","slug":"55-sjednica-upravnog-vijeca-11-03-2025","status":"publish","type":"post","link":"https:\/\/dom-glina.hr\/?p=7297","title":{"rendered":"55. sjednica Upravnog vije\u0107a \u2013 11.03.2025."},"content":{"rendered":"<p>Poziv na 55. sjednicu Upravnog vije\u0107a Doma za starije osobe Glina koja \u0107e se odr\u017eati elektronskim putem (e-mailom) 11.03.2025.godine u sjedi\u0161tu Doma za starije osobe Glina, Trg hrvatskih branitelja 2, Glina, s po\u010detkom u 13:00 sati:<\/p>\n<p><span style=\"text-decoration: underline; color: #3366ff;\"><em><a style=\"color: #3366ff; text-decoration: underline;\" href=\"https:\/\/dom-glina.hr\/wp-content\/uploads\/2025\/03\/Poziv-na-55-sjednicu-UV-a.pdf\">Poziv na 55 sjednicu UV-a<\/a><\/em><\/span>&nbsp;(pdf)<\/p>\n<p>Obavijest vezana uz 55. sjednicu Upravnog vije\u0107a Doma za starije osobe Glina:<\/p>\n<p><span style=\"text-decoration: underline; color: #3366ff;\"><em><a style=\"color: #3366ff; text-decoration: underline;\" href=\"https:\/\/dom-glina.hr\/wp-content\/uploads\/2025\/03\/Obavijest-vezana-uz-55-sjednicu-Upravnog-vijec.pdf\">Obavijest vezana uz 55 sjednicu Upravnog vijec<\/a>a<\/em><\/span>&nbsp;(pdf)<\/p>\n","protected":false},"excerpt":{"rendered":"<p>Poziv na 55. sjednicu Upravnog vije\u0107a Doma za starije osobe Glina koja \u0107e se odr\u017eati elektronskim putem (e-mailom) 11.03.2025.godine u sjedi\u0161tu Doma za starije osobe Glina, Trg hrvatskih branitelja 2, Glina, s po\u010detkom u 13:00 sati: Poziv na 55 sjednicu UV-a&nbsp;(pdf) Obavijest vezana uz 55. sjednicu Upravnog vije\u0107a Doma za starije osobe Glina: Obavijest vezana&hellip;<\/p>\n","protected":false},"author":1,"featured_media":0,"comment_status":"closed","ping_status":"closed","sticky":false,"template":"","format":"standard","meta":{"_monsterinsights_skip_tracking":false,"_monsterinsights_sitenote_active":false,"_monsterinsights_sitenote_note":"","_monsterinsights_sitenote_category":0,"ngg_post_thumbnail":0,"footnotes":""},"categories":[43],"tags":[],"aioseo_notices":[],"_links":{"self":[{"href":"https:\/\/dom-glina.hr\/index.php?rest_route=\/wp\/v2\/posts\/7297"}],"collection":[{"href":"https:\/\/dom-glina.hr\/index.php?rest_route=\/wp\/v2\/posts"}],"about":[{"href":"https:\/\/dom-glina.hr\/index.php?rest_route=\/wp\/v2\/types\/post"}],"author":[{"embeddable":true,"href":"https:\/\/dom-glina.hr\/index.php?rest_route=\/wp\/v2\/users\/1"}],"replies":[{"embeddable":true,"href":"https:\/\/dom-glina.hr\/index.php?rest_route=%2Fwp%2Fv2%2Fcomments&post=7297"}],"version-history":[{"count":2,"href":"https:\/\/dom-glina.hr\/index.php?rest_route=\/wp\/v2\/posts\/7297\/revisions"}],"predecessor-version":[{"id":7305,"href":"https:\/\/dom-glina.hr\/index.php?rest_route=\/wp\/v2\/posts\/7297\/revisions\/7305"}],"wp:attachment":[{"href":"https:\/\/dom-glina.hr\/index.php?rest_route=%2Fwp%2Fv2%2Fmedia&parent=7297"}],"wp:term":[{"taxonomy":"category","embeddable":true,"href":"https:\/\/dom-glina.hr\/index.php?rest_route=%2Fwp%2Fv2%2Fcategories&post=7297"},{"taxonomy":"post_tag","embeddable":true,"href":"https:\/\/dom-glina.hr\/index.php?rest_route=%2Fwp%2Fv2%2Ftags&post=7297"}],"curies":[{"name":"wp","href":"https:\/\/api.w.org\/{rel}","templated":true}]}}