{"id":7197,"date":"2024-12-14T17:09:53","date_gmt":"2024-12-14T16:09:53","guid":{"rendered":"https:\/\/dom-glina.hr\/?p=7197"},"modified":"2025-01-07T17:11:35","modified_gmt":"2025-01-07T16:11:35","slug":"posjet-ucenika-osnovne-skole-gvozd","status":"publish","type":"post","link":"https:\/\/dom-glina.hr\/?p=7197","title":{"rendered":"POSJET U\u010cENIKA OSNOVNE \u0160KOLE GVOZD"},"content":{"rendered":"<p>Povodom obilje\u017eavanja Me\u0111unarodnog dana ljudske solidarnosti te bo\u017ei\u0107nih i novogodi\u0161njih blagdana u\u010denici predmetne nastave Osnovne \u0161kole Gvozd u pratnji s predmetnim u\u010diteljima, pedagogicom i ravnateljem, u petak 13.12.2024. posjetili su Dom za starije osobe u Glini.<br \/>\nU\u010denici su nastupili s igrokazom, recitacijama i prigodnim pjesmama .\ud83e\ude97\ud83c\udfbc\ud83e\ude97<br \/>\nPripremili su i uru\u010dili korisnicima doma prigodne darove.<br \/>\nNakon priredbe, osoblje Doma ih je provelo po svim odjelima gdje korisnici borave.<br \/>\nU to vrijeme podijelili su pripremljene darove korisnicima koji nisu pokretni.<br \/>\nU\u010denici su na\u0161im korisnicima poklonili osmijeh, toplu rije\u010d i \u010destitke povodom nadolaze\u0107ih blagdana te im se od srca zahvaljujemo na ovom predivnom \u010dinu.\ud83e\udd70\ud83d\udc9d\ud83d\udc9d<br \/>\nHvala ravnatelju Natku Rup\u010di\u0107u, pedagoginji Ankici Rakas- Drljan i u\u010diteljima \u0161to su organizirali ovaj lijepi posjet i program te ih pozivamo i dogodine.<\/p>\n<p><a href=\"https:\/\/www.facebook.com\/permalink.php?story_fbid=pfbid0veziYfwGpMezHUmAZpVdbxPZn7ckAAmoWFxJ7wjQeHhbyKDzGQUqKcL7LkM2y9Dvl&amp;id=100057456069057\"><span style=\"text-decoration: underline; color: #3366ff;\"><em>https:\/\/www.facebook.com\/permalink.php?story_fbid=pfbid0veziYfwGpMezHUmAZpVdbxPZn7ckAAmoWFxJ7wjQeHhbyKDzGQUqKcL7LkM2y9Dvl&amp;id=100057456069057<\/em><\/span><\/a><\/p>\n","protected":false},"excerpt":{"rendered":"<p>Povodom obilje\u017eavanja Me\u0111unarodnog dana ljudske solidarnosti te bo\u017ei\u0107nih i novogodi\u0161njih blagdana u\u010denici predmetne nastave Osnovne \u0161kole Gvozd u pratnji s predmetnim u\u010diteljima, pedagogicom i ravnateljem, u petak 13.12.2024. posjetili su Dom za starije osobe u Glini. U\u010denici su nastupili s igrokazom, recitacijama i prigodnim pjesmama .\ud83e\ude97\ud83c\udfbc\ud83e\ude97 Pripremili su i uru\u010dili korisnicima doma prigodne darove. Nakon&hellip;<\/p>\n","protected":false},"author":1,"featured_media":7199,"comment_status":"closed","ping_status":"closed","sticky":false,"template":"","format":"standard","meta":{"_monsterinsights_skip_tracking":false,"_monsterinsights_sitenote_active":false,"_monsterinsights_sitenote_note":"","_monsterinsights_sitenote_category":0,"ngg_post_thumbnail":0,"footnotes":""},"categories":[2],"tags":[],"aioseo_notices":[],"_links":{"self":[{"href":"https:\/\/dom-glina.hr\/index.php?rest_route=\/wp\/v2\/posts\/7197"}],"collection":[{"href":"https:\/\/dom-glina.hr\/index.php?rest_route=\/wp\/v2\/posts"}],"about":[{"href":"https:\/\/dom-glina.hr\/index.php?rest_route=\/wp\/v2\/types\/post"}],"author":[{"embeddable":true,"href":"https:\/\/dom-glina.hr\/index.php?rest_route=\/wp\/v2\/users\/1"}],"replies":[{"embeddable":true,"href":"https:\/\/dom-glina.hr\/index.php?rest_route=%2Fwp%2Fv2%2Fcomments&post=7197"}],"version-history":[{"count":1,"href":"https:\/\/dom-glina.hr\/index.php?rest_route=\/wp\/v2\/posts\/7197\/revisions"}],"predecessor-version":[{"id":7198,"href":"https:\/\/dom-glina.hr\/index.php?rest_route=\/wp\/v2\/posts\/7197\/revisions\/7198"}],"wp:featuredmedia":[{"embeddable":true,"href":"https:\/\/dom-glina.hr\/index.php?rest_route=\/wp\/v2\/media\/7199"}],"wp:attachment":[{"href":"https:\/\/dom-glina.hr\/index.php?rest_route=%2Fwp%2Fv2%2Fmedia&parent=7197"}],"wp:term":[{"taxonomy":"category","embeddable":true,"href":"https:\/\/dom-glina.hr\/index.php?rest_route=%2Fwp%2Fv2%2Fcategories&post=7197"},{"taxonomy":"post_tag","embeddable":true,"href":"https:\/\/dom-glina.hr\/index.php?rest_route=%2Fwp%2Fv2%2Ftags&post=7197"}],"curies":[{"name":"wp","href":"https:\/\/api.w.org\/{rel}","templated":true}]}}