{"id":7175,"date":"2024-11-18T16:54:08","date_gmt":"2024-11-18T15:54:08","guid":{"rendered":"https:\/\/dom-glina.hr\/?p=7175"},"modified":"2025-01-07T16:55:30","modified_gmt":"2025-01-07T15:55:30","slug":"dan-sjecanja-na-zrtve-domovinskog-rata-i-dan-sjecanja-na-zrtvu-vukovara-i-skabrnje-3","status":"publish","type":"post","link":"https:\/\/dom-glina.hr\/?p=7175","title":{"rendered":"Dan sje\u0107anja na \u017ertve Domovinskog rata i Dan sje\u0107anja na \u017ertvu Vukovara i \u0160kabrnje"},"content":{"rendered":"<p>Danas smo obilje\u017eili Dan sje\u0107anja na \u017ertve Domovinskog rata i Dan sje\u0107anja na \u017ertvu Vukovara i \u0160kabrnje.<br \/>\nKorisnici i djelatnici Doma sudjelovali su u paljenju svije\u0107a u Vukovarskoj ulici \u010dime su odali po\u010dast svim \u017ertvama.<\/p>\n<p><a href=\"https:\/\/www.facebook.com\/permalink.php?story_fbid=pfbid0h6nwAuEqKbLxJSsWZD743zaEiKLetYDduSBfn5hXSyhFb5nw74MzADGbJTxdjAidl&amp;id=100057456069057\"><span style=\"text-decoration: underline; color: #3366ff;\"><em>https:\/\/www.facebook.com\/permalink.php?story_fbid=pfbid0h6nwAuEqKbLxJSsWZD743zaEiKLetYDduSBfn5hXSyhFb5nw74MzADGbJTxdjAidl&amp;id=100057456069057<\/em><\/span><\/a><\/p>\n","protected":false},"excerpt":{"rendered":"<p>Danas smo obilje\u017eili Dan sje\u0107anja na \u017ertve Domovinskog rata i Dan sje\u0107anja na \u017ertvu Vukovara i \u0160kabrnje. Korisnici i djelatnici Doma sudjelovali su u paljenju svije\u0107a u Vukovarskoj ulici \u010dime su odali po\u010dast svim \u017ertvama. https:\/\/www.facebook.com\/permalink.php?story_fbid=pfbid0h6nwAuEqKbLxJSsWZD743zaEiKLetYDduSBfn5hXSyhFb5nw74MzADGbJTxdjAidl&amp;id=100057456069057<\/p>\n","protected":false},"author":1,"featured_media":7176,"comment_status":"closed","ping_status":"closed","sticky":false,"template":"","format":"standard","meta":{"_monsterinsights_skip_tracking":false,"_monsterinsights_sitenote_active":false,"_monsterinsights_sitenote_note":"","_monsterinsights_sitenote_category":0,"ngg_post_thumbnail":0,"footnotes":""},"categories":[2],"tags":[],"aioseo_notices":[],"_links":{"self":[{"href":"https:\/\/dom-glina.hr\/index.php?rest_route=\/wp\/v2\/posts\/7175"}],"collection":[{"href":"https:\/\/dom-glina.hr\/index.php?rest_route=\/wp\/v2\/posts"}],"about":[{"href":"https:\/\/dom-glina.hr\/index.php?rest_route=\/wp\/v2\/types\/post"}],"author":[{"embeddable":true,"href":"https:\/\/dom-glina.hr\/index.php?rest_route=\/wp\/v2\/users\/1"}],"replies":[{"embeddable":true,"href":"https:\/\/dom-glina.hr\/index.php?rest_route=%2Fwp%2Fv2%2Fcomments&post=7175"}],"version-history":[{"count":1,"href":"https:\/\/dom-glina.hr\/index.php?rest_route=\/wp\/v2\/posts\/7175\/revisions"}],"predecessor-version":[{"id":7177,"href":"https:\/\/dom-glina.hr\/index.php?rest_route=\/wp\/v2\/posts\/7175\/revisions\/7177"}],"wp:featuredmedia":[{"embeddable":true,"href":"https:\/\/dom-glina.hr\/index.php?rest_route=\/wp\/v2\/media\/7176"}],"wp:attachment":[{"href":"https:\/\/dom-glina.hr\/index.php?rest_route=%2Fwp%2Fv2%2Fmedia&parent=7175"}],"wp:term":[{"taxonomy":"category","embeddable":true,"href":"https:\/\/dom-glina.hr\/index.php?rest_route=%2Fwp%2Fv2%2Fcategories&post=7175"},{"taxonomy":"post_tag","embeddable":true,"href":"https:\/\/dom-glina.hr\/index.php?rest_route=%2Fwp%2Fv2%2Ftags&post=7175"}],"curies":[{"name":"wp","href":"https:\/\/api.w.org\/{rel}","templated":true}]}}