{"id":7162,"date":"2024-10-19T16:43:46","date_gmt":"2024-10-19T14:43:46","guid":{"rendered":"https:\/\/dom-glina.hr\/?p=7162"},"modified":"2025-01-07T16:44:37","modified_gmt":"2025-01-07T15:44:37","slug":"predavanje-za-korisnike-na-temu-gripa","status":"publish","type":"post","link":"https:\/\/dom-glina.hr\/?p=7162","title":{"rendered":"Predavanje za korisnike na temu &#8220;Gripa&#8221;"},"content":{"rendered":"<p>U Domu je odr\u017eano predavanje za korisnike na temu &#8220;Gripa&#8221; a gost predava\u010d bila je doktorica Ivana Popek iz Zavoda za javno zdravstvo Sisa\u010dko moslava\u010dke \u017eupanije.<br \/>\nZahvaljujemo se doktorici na dolasku i pou\u010dnim savjetima.<\/p>\n<p><a href=\"https:\/\/www.facebook.com\/permalink.php?story_fbid=pfbid0NtqfQ54s5VkwwJWRPr5J1wfrPKrXe9RUBCDnNkNzK2LTHE7MY3n6qrJKwiPuyZ9Zl&amp;id=100057456069057\"><span style=\"text-decoration: underline; color: #3366ff;\"><em>https:\/\/www.facebook.com\/permalink.php?story_fbid=pfbid0NtqfQ54s5VkwwJWRPr5J1wfrPKrXe9RUBCDnNkNzK2LTHE7MY3n6qrJKwiPuyZ9Zl&amp;id=100057456069057<\/em><\/span><\/a><\/p>\n","protected":false},"excerpt":{"rendered":"<p>U Domu je odr\u017eano predavanje za korisnike na temu &#8220;Gripa&#8221; a gost predava\u010d bila je doktorica Ivana Popek iz Zavoda za javno zdravstvo Sisa\u010dko moslava\u010dke \u017eupanije. Zahvaljujemo se doktorici na dolasku i pou\u010dnim savjetima. https:\/\/www.facebook.com\/permalink.php?story_fbid=pfbid0NtqfQ54s5VkwwJWRPr5J1wfrPKrXe9RUBCDnNkNzK2LTHE7MY3n6qrJKwiPuyZ9Zl&amp;id=100057456069057<\/p>\n","protected":false},"author":1,"featured_media":7163,"comment_status":"closed","ping_status":"closed","sticky":false,"template":"","format":"standard","meta":{"_monsterinsights_skip_tracking":false,"_monsterinsights_sitenote_active":false,"_monsterinsights_sitenote_note":"","_monsterinsights_sitenote_category":0,"ngg_post_thumbnail":0,"footnotes":""},"categories":[2],"tags":[],"aioseo_notices":[],"_links":{"self":[{"href":"https:\/\/dom-glina.hr\/index.php?rest_route=\/wp\/v2\/posts\/7162"}],"collection":[{"href":"https:\/\/dom-glina.hr\/index.php?rest_route=\/wp\/v2\/posts"}],"about":[{"href":"https:\/\/dom-glina.hr\/index.php?rest_route=\/wp\/v2\/types\/post"}],"author":[{"embeddable":true,"href":"https:\/\/dom-glina.hr\/index.php?rest_route=\/wp\/v2\/users\/1"}],"replies":[{"embeddable":true,"href":"https:\/\/dom-glina.hr\/index.php?rest_route=%2Fwp%2Fv2%2Fcomments&post=7162"}],"version-history":[{"count":1,"href":"https:\/\/dom-glina.hr\/index.php?rest_route=\/wp\/v2\/posts\/7162\/revisions"}],"predecessor-version":[{"id":7164,"href":"https:\/\/dom-glina.hr\/index.php?rest_route=\/wp\/v2\/posts\/7162\/revisions\/7164"}],"wp:featuredmedia":[{"embeddable":true,"href":"https:\/\/dom-glina.hr\/index.php?rest_route=\/wp\/v2\/media\/7163"}],"wp:attachment":[{"href":"https:\/\/dom-glina.hr\/index.php?rest_route=%2Fwp%2Fv2%2Fmedia&parent=7162"}],"wp:term":[{"taxonomy":"category","embeddable":true,"href":"https:\/\/dom-glina.hr\/index.php?rest_route=%2Fwp%2Fv2%2Fcategories&post=7162"},{"taxonomy":"post_tag","embeddable":true,"href":"https:\/\/dom-glina.hr\/index.php?rest_route=%2Fwp%2Fv2%2Ftags&post=7162"}],"curies":[{"name":"wp","href":"https:\/\/api.w.org\/{rel}","templated":true}]}}