{"id":7150,"date":"2024-09-26T15:41:30","date_gmt":"2024-09-26T13:41:30","guid":{"rendered":"https:\/\/dom-glina.hr\/?p=7150"},"modified":"2025-01-07T15:43:35","modified_gmt":"2025-01-07T14:43:35","slug":"novi-zupnik-vlc-sasa-jozic","status":"publish","type":"post","link":"https:\/\/dom-glina.hr\/?p=7150","title":{"rendered":"Novi \u017eupnik vl\u010d. Sa\u0161a Jozi\u0107"},"content":{"rendered":"<p>Novi \u017eupnik vl\u010d. Sa\u0161a Jozi\u0107 iz \u017eupe Sveti Ivan Nepomuk Glina , posjetio je u \u010detvrtak 26. rujna 2024.godine Dom za starije osobe u Glini i tom prigodom predvodio misno slavlje za djelatnike i korisnike.<br \/>\nMisnom slavlju prisustvovala je ravnateljica za\u017eeljev\u0161i mu dobrodo\u0161licu u \u017eupi Glina i nastavak kvalitetne suradnje s Domom i njegovim \u0161ti\u0107enicima.<\/p>\n<p><a href=\"https:\/\/www.facebook.com\/permalink.php?story_fbid=pfbid036wAyop8oMMgwA8cbWRbo9z9rUjxDi6HDFX7TkUxbUSkQvfzXXNjsUDCJYrqQS4jWl&amp;id=100057456069057\"><span style=\"text-decoration: underline; color: #3366ff;\"><em>https:\/\/www.facebook.com\/permalink.php?story_fbid=pfbid036wAyop8oMMgwA8cbWRbo9z9rUjxDi6HDFX7TkUxbUSkQvfzXXNjsUDCJYrqQS4jWl&amp;id=100057456069057<\/em><\/span><\/a><\/p>\n","protected":false},"excerpt":{"rendered":"<p>Novi \u017eupnik vl\u010d. Sa\u0161a Jozi\u0107 iz \u017eupe Sveti Ivan Nepomuk Glina , posjetio je u \u010detvrtak 26. rujna 2024.godine Dom za starije osobe u Glini i tom prigodom predvodio misno slavlje za djelatnike i korisnike. Misnom slavlju prisustvovala je ravnateljica za\u017eeljev\u0161i mu dobrodo\u0161licu u \u017eupi Glina i nastavak kvalitetne suradnje s Domom i njegovim \u0161ti\u0107enicima.&hellip;<\/p>\n","protected":false},"author":1,"featured_media":7151,"comment_status":"closed","ping_status":"closed","sticky":false,"template":"","format":"standard","meta":{"_monsterinsights_skip_tracking":false,"_monsterinsights_sitenote_active":false,"_monsterinsights_sitenote_note":"","_monsterinsights_sitenote_category":0,"ngg_post_thumbnail":0,"footnotes":""},"categories":[2],"tags":[],"aioseo_notices":[],"_links":{"self":[{"href":"https:\/\/dom-glina.hr\/index.php?rest_route=\/wp\/v2\/posts\/7150"}],"collection":[{"href":"https:\/\/dom-glina.hr\/index.php?rest_route=\/wp\/v2\/posts"}],"about":[{"href":"https:\/\/dom-glina.hr\/index.php?rest_route=\/wp\/v2\/types\/post"}],"author":[{"embeddable":true,"href":"https:\/\/dom-glina.hr\/index.php?rest_route=\/wp\/v2\/users\/1"}],"replies":[{"embeddable":true,"href":"https:\/\/dom-glina.hr\/index.php?rest_route=%2Fwp%2Fv2%2Fcomments&post=7150"}],"version-history":[{"count":1,"href":"https:\/\/dom-glina.hr\/index.php?rest_route=\/wp\/v2\/posts\/7150\/revisions"}],"predecessor-version":[{"id":7152,"href":"https:\/\/dom-glina.hr\/index.php?rest_route=\/wp\/v2\/posts\/7150\/revisions\/7152"}],"wp:featuredmedia":[{"embeddable":true,"href":"https:\/\/dom-glina.hr\/index.php?rest_route=\/wp\/v2\/media\/7151"}],"wp:attachment":[{"href":"https:\/\/dom-glina.hr\/index.php?rest_route=%2Fwp%2Fv2%2Fmedia&parent=7150"}],"wp:term":[{"taxonomy":"category","embeddable":true,"href":"https:\/\/dom-glina.hr\/index.php?rest_route=%2Fwp%2Fv2%2Fcategories&post=7150"},{"taxonomy":"post_tag","embeddable":true,"href":"https:\/\/dom-glina.hr\/index.php?rest_route=%2Fwp%2Fv2%2Ftags&post=7150"}],"curies":[{"name":"wp","href":"https:\/\/api.w.org\/{rel}","templated":true}]}}