{"id":7144,"date":"2024-09-21T15:36:49","date_gmt":"2024-09-21T13:36:49","guid":{"rendered":"https:\/\/dom-glina.hr\/?p=7144"},"modified":"2025-01-07T15:38:40","modified_gmt":"2025-01-07T14:38:40","slug":"21-rujan-svjetski-dan-alzheimerove-bolesti-i-mjesec-svjesnosti-o-alzheimerovoj-bolesti","status":"publish","type":"post","link":"https:\/\/dom-glina.hr\/?p=7144","title":{"rendered":"21. RUJAN &#8211; SVJETSKI DAN ALZHEIMEROVE BOLESTI I MJESEC SVJESNOSTI O ALZHEIMEROVOJ BOLESTI"},"content":{"rendered":"<p>Povodom Svjetskog dana Alzheimerove bolesti koji se obilje\u017eava 21. rujna organizirali smo stru\u010dno usavr\u0161avanje za medicinske sestre\/tehni\u010dare i njegovatelje.<\/p>\n<p>Na\u0161 gost predava\u010d bila je dr.sc.Da\u0161a Poredo\u0161 Lavor kojoj se zahvaljujemo na dolasku i izvrsnom predavanju.<\/p>\n<p>Alzheimerova bolest je neizlje\u010diva i progresivna neurodegenerativna bolest mozga koja se manifestira propadanjem kognitivnih funkcija, odnosno gubitkom pam\u0107enja, poreme\u0107ajem rasu\u0111ivanja i promjenama u osobnosti. To je ujedno i naj\u010de\u0161\u0107a neurodegenerativna bolest i zato je vrlo va\u017eno znati kako i na koji na\u010din pomo\u0107i osobama koje su oboljele od ove bolesti a smje\u0161tene su u na\u0161em Domu.<\/p>\n<p><span style=\"color: #3366ff;\"><a style=\"color: #3366ff;\" href=\"https:\/\/www.facebook.com\/permalink.php?story_fbid=pfbid0MNpJrikWp3qMPT2HArydf9aqaJnFJnpuvNvynQ7R48AFHF4ab8MgjzX5Z4HFnq4sl&amp;id=100057456069057\"><span style=\"text-decoration: underline;\"><em>https:\/\/www.facebook.com\/permalink.php?story_fbid=pfbid0MNpJrikWp3qMPT2HArydf9aqaJnFJnpuvNvynQ7R48AFHF4ab8MgjzX5Z4HFnq4sl&amp;id=100057456069057<\/em><\/span><\/a><\/span><\/p>\n","protected":false},"excerpt":{"rendered":"<p>Povodom Svjetskog dana Alzheimerove bolesti koji se obilje\u017eava 21. rujna organizirali smo stru\u010dno usavr\u0161avanje za medicinske sestre\/tehni\u010dare i njegovatelje. Na\u0161 gost predava\u010d bila je dr.sc.Da\u0161a Poredo\u0161 Lavor kojoj se zahvaljujemo na dolasku i izvrsnom predavanju. Alzheimerova bolest je neizlje\u010diva i progresivna neurodegenerativna bolest mozga koja se manifestira propadanjem kognitivnih funkcija, odnosno gubitkom pam\u0107enja, poreme\u0107ajem rasu\u0111ivanja&hellip;<\/p>\n","protected":false},"author":1,"featured_media":7145,"comment_status":"closed","ping_status":"closed","sticky":false,"template":"","format":"standard","meta":{"_monsterinsights_skip_tracking":false,"_monsterinsights_sitenote_active":false,"_monsterinsights_sitenote_note":"","_monsterinsights_sitenote_category":0,"ngg_post_thumbnail":0,"footnotes":""},"categories":[2],"tags":[],"aioseo_notices":[],"_links":{"self":[{"href":"https:\/\/dom-glina.hr\/index.php?rest_route=\/wp\/v2\/posts\/7144"}],"collection":[{"href":"https:\/\/dom-glina.hr\/index.php?rest_route=\/wp\/v2\/posts"}],"about":[{"href":"https:\/\/dom-glina.hr\/index.php?rest_route=\/wp\/v2\/types\/post"}],"author":[{"embeddable":true,"href":"https:\/\/dom-glina.hr\/index.php?rest_route=\/wp\/v2\/users\/1"}],"replies":[{"embeddable":true,"href":"https:\/\/dom-glina.hr\/index.php?rest_route=%2Fwp%2Fv2%2Fcomments&post=7144"}],"version-history":[{"count":1,"href":"https:\/\/dom-glina.hr\/index.php?rest_route=\/wp\/v2\/posts\/7144\/revisions"}],"predecessor-version":[{"id":7146,"href":"https:\/\/dom-glina.hr\/index.php?rest_route=\/wp\/v2\/posts\/7144\/revisions\/7146"}],"wp:featuredmedia":[{"embeddable":true,"href":"https:\/\/dom-glina.hr\/index.php?rest_route=\/wp\/v2\/media\/7145"}],"wp:attachment":[{"href":"https:\/\/dom-glina.hr\/index.php?rest_route=%2Fwp%2Fv2%2Fmedia&parent=7144"}],"wp:term":[{"taxonomy":"category","embeddable":true,"href":"https:\/\/dom-glina.hr\/index.php?rest_route=%2Fwp%2Fv2%2Fcategories&post=7144"},{"taxonomy":"post_tag","embeddable":true,"href":"https:\/\/dom-glina.hr\/index.php?rest_route=%2Fwp%2Fv2%2Ftags&post=7144"}],"curies":[{"name":"wp","href":"https:\/\/api.w.org\/{rel}","templated":true}]}}