{"id":71,"date":"2018-04-22T07:23:26","date_gmt":"2018-04-22T05:23:26","guid":{"rendered":"http:\/\/dom-glina.hr\/?p=71"},"modified":"2018-04-23T07:29:55","modified_gmt":"2018-04-23T05:29:55","slug":"uskoro-otvorenje-doma-za-starije-i-nemocne-u-glini","status":"publish","type":"post","link":"https:\/\/dom-glina.hr\/?p=71","title":{"rendered":"Uskoro otvorenje Doma za starije i nemo\u0107ne u Glini"},"content":{"rendered":"<p style=\"text-align: justify;\">Gradona\u010delnik Grada Gline Stjepan Kostanjevi\u0107, zajedno sa \u017eupanom Sisa\u010dko-moslava\u010dke \u017eupanije Ivom \u017dini\u0107em, dr\u017eavnim tajnikom Sredi\u0161njeg dr\u017eavnog ureda za obnovu i stambeno zbrinjavanje Nikolom Ma\u017earom, predstavnicima Razvojne banke Vije\u0107a Europe te predstavnicima izvo\u0111a\u010da radova, obi\u0161ao je budu\u0107i Dom za starije i nemo\u0107ne u Glini.<\/p>\n<p style=\"text-align: justify;\">Preuzeto sa stranica: <a href=\"https:\/\/www.grad-glina.hr\/\" target=\"_blank\" rel=\"noopener\">Grad Glina<\/a><\/p>\n<p style=\"text-align: justify;\">(<span style=\"font-size: 10pt;\"><a href=\"https:\/\/www.grad-glina.hr\/uskoro-otvorenje-doma-za-starije-i-nemocne-u-glini\/\" target=\"_blank\" rel=\"noopener\"><span style=\"text-decoration: underline; color: #3366ff;\"><em>https:\/\/www.grad-glina.hr\/uskoro-otvorenje-doma-za-starije-i-nemocne-u-glini\/<\/em><\/span><\/a><\/span>)<\/p>\n<p style=\"text-align: justify;\">Svako novo radno mjesto puno zna\u010di kako za grad tako i za \u017eupaniju, a najvi\u0161e za osobe koje \u0107e se ovdje zaposliti te njihove obitelji, izjavio je gradona\u010delnik. Nadodao je da ga raduje i \u010dinjenica kako postoji mogu\u0107nost dodatnog pro\u0161irenja smje\u0161tajnih kapaciteta u budu\u0107em razdoblju, \u0161to zna\u010di otvaranje jo\u0161 vi\u0161e radnih mjesta.<\/p>\n<p style=\"text-align: justify;\">Dom za starije i nemo\u0107ne u Glini, u vrijednosti od oko 30 milijuna kuna, zami\u0161ljen je kao trajno rje\u0161enje za zbrinjavanje 75 osoba koje samostalno nisu u stanju zadovoljiti svoje osnovne \u017eivotne potrebe, niskog su socioekonomskog statusa, stariji su od 50 godina, nemaju nikakva ili dostatna primanja, sami su, bez pomo\u0107i mla\u0111ih \u010dlanova obitelji, bolesni su, nemo\u0107ni, nepokretni ili te\u017ee pokretni.<\/p>\n<p style=\"text-align: justify;\">Izgradnja i otvaranje ovog Doma, u vlasni\u0161tvu Sisa\u010dko-moslava\u010dke \u017eupanije, gra\u0111anima Gline, za njih 30-ak, donijet \u0107e i nova zapo\u0161ljavanja. Radna grupa sastavljena od predstavnika UNHCR-a i Dr\u017eavnog ureda za obnovu i stambeno zbrinjavanje uvidom u konkretne predmete prognanika, povratnika i izbjeglica, odredit \u0107e krajnje korisnike me\u0111u korisnicima organiziranog smje\u0161taja u skladu s kriterijima ranjivosti UNHCR-a. Svrha ovoga projekta je unapre\u0111enje kvalitete \u017eivota i osiguranje dostojanstvenog \u017eivota za najranjivije stare i nemo\u0107ne osobe te smanjenje socijalne izoliranosti starih, bolesnih i nemo\u0107nih osoba koje ne mogu brinuti za sebe.<\/p>\n<p style=\"text-align: justify;\">Novoizgra\u0111eni Dom za starije i nemo\u0107ne u Glini, trenuta\u010dno je najmoderniji dom takve vrste u Hrvatskoj, a njegovo otvorenje se o\u010dekuje tijekom svibnja ove godine.<\/p>\n<!-- default-view.php -->\n<div\n\tclass=\"ngg-galleryoverview default-view \n\t ngg-ajax-pagination-none\t\"\n\tid=\"ngg-gallery-663d24a72d3c33e9121555804375466b-1\">\n\n\t\t<!-- Thumbnails -->\n\t\t\t\t<div id=\"ngg-image-0\" class=\"ngg-gallery-thumbnail-box \n\t\t\t\t\t\t\t\t\t\t\t\" \n\t\t\t>\n\t\t\t\t\t\t<div class=\"ngg-gallery-thumbnail\">\n\t\t\t<a href=\"https:\/\/dom-glina.hr\/wp-content\/gallery\/uskoro-otvorenje-doma-za-starije-i-nemocne-u-glini\/18216681_1343451589072336_7520309975857387830_o.jpg\"\n\t\t\t\ttitle=\"\"\n\t\t\t\tdata-src=\"https:\/\/dom-glina.hr\/wp-content\/gallery\/uskoro-otvorenje-doma-za-starije-i-nemocne-u-glini\/18216681_1343451589072336_7520309975857387830_o.jpg\"\n\t\t\t\tdata-thumbnail=\"https:\/\/dom-glina.hr\/wp-content\/gallery\/uskoro-otvorenje-doma-za-starije-i-nemocne-u-glini\/thumbs\/thumbs_18216681_1343451589072336_7520309975857387830_o.jpg\"\n\t\t\t\tdata-image-id=\"12\"\n\t\t\t\tdata-title=\"18216681_1343451589072336_7520309975857387830_o\"\n\t\t\t\tdata-description=\"\"\n\t\t\t\tdata-image-slug=\"18216681_1343451589072336_7520309975857387830_o\"\n\t\t\t\tclass=\"ngg-fancybox\" rel=\"663d24a72d3c33e9121555804375466b\">\n\t\t\t\t<img\n\t\t\t\t\ttitle=\"18216681_1343451589072336_7520309975857387830_o\"\n\t\t\t\t\talt=\"18216681_1343451589072336_7520309975857387830_o\"\n\t\t\t\t\tsrc=\"https:\/\/dom-glina.hr\/wp-content\/gallery\/uskoro-otvorenje-doma-za-starije-i-nemocne-u-glini\/thumbs\/thumbs_18216681_1343451589072336_7520309975857387830_o.jpg\"\n\t\t\t\t\twidth=\"240\"\n\t\t\t\t\theight=\"160\"\n\t\t\t\t\tstyle=\"max-width:100%;\"\n\t\t\t\t\/>\n\t\t\t<\/a>\n\t\t<\/div>\n\t\t\t\t\t\t\t<\/div> \n\t\t\t\n\t\t\t\t<div id=\"ngg-image-1\" class=\"ngg-gallery-thumbnail-box \n\t\t\t\t\t\t\t\t\t\t\t\" \n\t\t\t>\n\t\t\t\t\t\t<div class=\"ngg-gallery-thumbnail\">\n\t\t\t<a href=\"https:\/\/dom-glina.hr\/wp-content\/gallery\/uskoro-otvorenje-doma-za-starije-i-nemocne-u-glini\/18274804_1343451509072344_3409526636696654320_n.jpg\"\n\t\t\t\ttitle=\"\"\n\t\t\t\tdata-src=\"https:\/\/dom-glina.hr\/wp-content\/gallery\/uskoro-otvorenje-doma-za-starije-i-nemocne-u-glini\/18274804_1343451509072344_3409526636696654320_n.jpg\"\n\t\t\t\tdata-thumbnail=\"https:\/\/dom-glina.hr\/wp-content\/gallery\/uskoro-otvorenje-doma-za-starije-i-nemocne-u-glini\/thumbs\/thumbs_18274804_1343451509072344_3409526636696654320_n.jpg\"\n\t\t\t\tdata-image-id=\"13\"\n\t\t\t\tdata-title=\"18274804_1343451509072344_3409526636696654320_n\"\n\t\t\t\tdata-description=\"\"\n\t\t\t\tdata-image-slug=\"18274804_1343451509072344_3409526636696654320_n\"\n\t\t\t\tclass=\"ngg-fancybox\" rel=\"663d24a72d3c33e9121555804375466b\">\n\t\t\t\t<img\n\t\t\t\t\ttitle=\"18274804_1343451509072344_3409526636696654320_n\"\n\t\t\t\t\talt=\"18274804_1343451509072344_3409526636696654320_n\"\n\t\t\t\t\tsrc=\"https:\/\/dom-glina.hr\/wp-content\/gallery\/uskoro-otvorenje-doma-za-starije-i-nemocne-u-glini\/thumbs\/thumbs_18274804_1343451509072344_3409526636696654320_n.jpg\"\n\t\t\t\t\twidth=\"240\"\n\t\t\t\t\theight=\"160\"\n\t\t\t\t\tstyle=\"max-width:100%;\"\n\t\t\t\t\/>\n\t\t\t<\/a>\n\t\t<\/div>\n\t\t\t\t\t\t\t<\/div> \n\t\t\t\n\t\t\t\t<div id=\"ngg-image-2\" class=\"ngg-gallery-thumbnail-box \n\t\t\t\t\t\t\t\t\t\t\t\" \n\t\t\t>\n\t\t\t\t\t\t<div class=\"ngg-gallery-thumbnail\">\n\t\t\t<a href=\"https:\/\/dom-glina.hr\/wp-content\/gallery\/uskoro-otvorenje-doma-za-starije-i-nemocne-u-glini\/18274907_1343451449072350_2826680486983978268_n.jpg\"\n\t\t\t\ttitle=\"\"\n\t\t\t\tdata-src=\"https:\/\/dom-glina.hr\/wp-content\/gallery\/uskoro-otvorenje-doma-za-starije-i-nemocne-u-glini\/18274907_1343451449072350_2826680486983978268_n.jpg\"\n\t\t\t\tdata-thumbnail=\"https:\/\/dom-glina.hr\/wp-content\/gallery\/uskoro-otvorenje-doma-za-starije-i-nemocne-u-glini\/thumbs\/thumbs_18274907_1343451449072350_2826680486983978268_n.jpg\"\n\t\t\t\tdata-image-id=\"14\"\n\t\t\t\tdata-title=\"18274907_1343451449072350_2826680486983978268_n\"\n\t\t\t\tdata-description=\"\"\n\t\t\t\tdata-image-slug=\"18274907_1343451449072350_2826680486983978268_n\"\n\t\t\t\tclass=\"ngg-fancybox\" rel=\"663d24a72d3c33e9121555804375466b\">\n\t\t\t\t<img\n\t\t\t\t\ttitle=\"18274907_1343451449072350_2826680486983978268_n\"\n\t\t\t\t\talt=\"18274907_1343451449072350_2826680486983978268_n\"\n\t\t\t\t\tsrc=\"https:\/\/dom-glina.hr\/wp-content\/gallery\/uskoro-otvorenje-doma-za-starije-i-nemocne-u-glini\/thumbs\/thumbs_18274907_1343451449072350_2826680486983978268_n.jpg\"\n\t\t\t\t\twidth=\"240\"\n\t\t\t\t\theight=\"160\"\n\t\t\t\t\tstyle=\"max-width:100%;\"\n\t\t\t\t\/>\n\t\t\t<\/a>\n\t\t<\/div>\n\t\t\t\t\t\t\t<\/div> \n\t\t\t\n\t\t\t\t<div id=\"ngg-image-3\" class=\"ngg-gallery-thumbnail-box \n\t\t\t\t\t\t\t\t\t\t\t\" \n\t\t\t>\n\t\t\t\t\t\t<div class=\"ngg-gallery-thumbnail\">\n\t\t\t<a href=\"https:\/\/dom-glina.hr\/wp-content\/gallery\/uskoro-otvorenje-doma-za-starije-i-nemocne-u-glini\/18301690_1343451489072346_3076716326499465736_n.jpg\"\n\t\t\t\ttitle=\"\"\n\t\t\t\tdata-src=\"https:\/\/dom-glina.hr\/wp-content\/gallery\/uskoro-otvorenje-doma-za-starije-i-nemocne-u-glini\/18301690_1343451489072346_3076716326499465736_n.jpg\"\n\t\t\t\tdata-thumbnail=\"https:\/\/dom-glina.hr\/wp-content\/gallery\/uskoro-otvorenje-doma-za-starije-i-nemocne-u-glini\/thumbs\/thumbs_18301690_1343451489072346_3076716326499465736_n.jpg\"\n\t\t\t\tdata-image-id=\"15\"\n\t\t\t\tdata-title=\"18301690_1343451489072346_3076716326499465736_n\"\n\t\t\t\tdata-description=\"\"\n\t\t\t\tdata-image-slug=\"18301690_1343451489072346_3076716326499465736_n\"\n\t\t\t\tclass=\"ngg-fancybox\" rel=\"663d24a72d3c33e9121555804375466b\">\n\t\t\t\t<img\n\t\t\t\t\ttitle=\"18301690_1343451489072346_3076716326499465736_n\"\n\t\t\t\t\talt=\"18301690_1343451489072346_3076716326499465736_n\"\n\t\t\t\t\tsrc=\"https:\/\/dom-glina.hr\/wp-content\/gallery\/uskoro-otvorenje-doma-za-starije-i-nemocne-u-glini\/thumbs\/thumbs_18301690_1343451489072346_3076716326499465736_n.jpg\"\n\t\t\t\t\twidth=\"240\"\n\t\t\t\t\theight=\"160\"\n\t\t\t\t\tstyle=\"max-width:100%;\"\n\t\t\t\t\/>\n\t\t\t<\/a>\n\t\t<\/div>\n\t\t\t\t\t\t\t<\/div> \n\t\t\t\n\t\t\t\t<div id=\"ngg-image-4\" class=\"ngg-gallery-thumbnail-box \n\t\t\t\t\t\t\t\t\t\t\t\" \n\t\t\t>\n\t\t\t\t\t\t<div class=\"ngg-gallery-thumbnail\">\n\t\t\t<a href=\"https:\/\/dom-glina.hr\/wp-content\/gallery\/uskoro-otvorenje-doma-za-starije-i-nemocne-u-glini\/18358617_1343451599072335_5404647029647076159_o.jpg\"\n\t\t\t\ttitle=\"\"\n\t\t\t\tdata-src=\"https:\/\/dom-glina.hr\/wp-content\/gallery\/uskoro-otvorenje-doma-za-starije-i-nemocne-u-glini\/18358617_1343451599072335_5404647029647076159_o.jpg\"\n\t\t\t\tdata-thumbnail=\"https:\/\/dom-glina.hr\/wp-content\/gallery\/uskoro-otvorenje-doma-za-starije-i-nemocne-u-glini\/thumbs\/thumbs_18358617_1343451599072335_5404647029647076159_o.jpg\"\n\t\t\t\tdata-image-id=\"16\"\n\t\t\t\tdata-title=\"18358617_1343451599072335_5404647029647076159_o\"\n\t\t\t\tdata-description=\"\"\n\t\t\t\tdata-image-slug=\"18358617_1343451599072335_5404647029647076159_o\"\n\t\t\t\tclass=\"ngg-fancybox\" rel=\"663d24a72d3c33e9121555804375466b\">\n\t\t\t\t<img\n\t\t\t\t\ttitle=\"18358617_1343451599072335_5404647029647076159_o\"\n\t\t\t\t\talt=\"18358617_1343451599072335_5404647029647076159_o\"\n\t\t\t\t\tsrc=\"https:\/\/dom-glina.hr\/wp-content\/gallery\/uskoro-otvorenje-doma-za-starije-i-nemocne-u-glini\/thumbs\/thumbs_18358617_1343451599072335_5404647029647076159_o.jpg\"\n\t\t\t\t\twidth=\"240\"\n\t\t\t\t\theight=\"160\"\n\t\t\t\t\tstyle=\"max-width:100%;\"\n\t\t\t\t\/>\n\t\t\t<\/a>\n\t\t<\/div>\n\t\t\t\t\t\t\t<\/div> \n\t\t\t\n\t\n\t<br style=\"clear: both\" \/>\n\n\t\n\t\t<!-- Pagination -->\n\t\t<div class='ngg-clear'><\/div>\t<\/div>\n\n","protected":false},"excerpt":{"rendered":"<p>Gradona\u010delnik Grada Gline Stjepan Kostanjevi\u0107, zajedno sa \u017eupanom Sisa\u010dko-moslava\u010dke \u017eupanije Ivom \u017dini\u0107em, dr\u017eavnim tajnikom Sredi\u0161njeg dr\u017eavnog ureda za obnovu i stambeno zbrinjavanje Nikolom Ma\u017earom, predstavnicima Razvojne banke Vije\u0107a Europe te predstavnicima izvo\u0111a\u010da radova, obi\u0161ao je budu\u0107i Dom za starije i nemo\u0107ne u Glini. Preuzeto sa stranica: Grad Glina (https:\/\/www.grad-glina.hr\/uskoro-otvorenje-doma-za-starije-i-nemocne-u-glini\/) Svako novo radno mjesto puno zna\u010di&hellip;<\/p>\n","protected":false},"author":1,"featured_media":84,"comment_status":"closed","ping_status":"closed","sticky":false,"template":"","format":"standard","meta":{"_monsterinsights_skip_tracking":false,"_monsterinsights_sitenote_active":false,"_monsterinsights_sitenote_note":"","_monsterinsights_sitenote_category":0,"ngg_post_thumbnail":0,"footnotes":""},"categories":[2],"tags":[],"aioseo_notices":[],"_links":{"self":[{"href":"https:\/\/dom-glina.hr\/index.php?rest_route=\/wp\/v2\/posts\/71"}],"collection":[{"href":"https:\/\/dom-glina.hr\/index.php?rest_route=\/wp\/v2\/posts"}],"about":[{"href":"https:\/\/dom-glina.hr\/index.php?rest_route=\/wp\/v2\/types\/post"}],"author":[{"embeddable":true,"href":"https:\/\/dom-glina.hr\/index.php?rest_route=\/wp\/v2\/users\/1"}],"replies":[{"embeddable":true,"href":"https:\/\/dom-glina.hr\/index.php?rest_route=%2Fwp%2Fv2%2Fcomments&post=71"}],"version-history":[{"count":1,"href":"https:\/\/dom-glina.hr\/index.php?rest_route=\/wp\/v2\/posts\/71\/revisions"}],"predecessor-version":[{"id":85,"href":"https:\/\/dom-glina.hr\/index.php?rest_route=\/wp\/v2\/posts\/71\/revisions\/85"}],"wp:featuredmedia":[{"embeddable":true,"href":"https:\/\/dom-glina.hr\/index.php?rest_route=\/wp\/v2\/media\/84"}],"wp:attachment":[{"href":"https:\/\/dom-glina.hr\/index.php?rest_route=%2Fwp%2Fv2%2Fmedia&parent=71"}],"wp:term":[{"taxonomy":"category","embeddable":true,"href":"https:\/\/dom-glina.hr\/index.php?rest_route=%2Fwp%2Fv2%2Fcategories&post=71"},{"taxonomy":"post_tag","embeddable":true,"href":"https:\/\/dom-glina.hr\/index.php?rest_route=%2Fwp%2Fv2%2Ftags&post=71"}],"curies":[{"name":"wp","href":"https:\/\/api.w.org\/{rel}","templated":true}]}}