{"id":7073,"date":"2024-11-05T11:53:25","date_gmt":"2024-11-05T10:53:25","guid":{"rendered":"https:\/\/dom-glina.hr\/?p=7073"},"modified":"2024-11-13T13:11:01","modified_gmt":"2024-11-13T12:11:01","slug":"45-sjednica-upravnog-vijeca-07-11-2024","status":"publish","type":"post","link":"https:\/\/dom-glina.hr\/?p=7073","title":{"rendered":"45. sjednica Upravnog vije\u0107a \u2013 07.11.2024."},"content":{"rendered":"<p>Poziv na 45. sjednicu Upravnog vije\u0107a Doma za starije osobe Glina koja \u0107e se odr\u017eati, <strong>07.11.2024. godine u sjedi\u0161tu Doma za starije osobe Glina, Trg hrvatskih branitelja 2, Glina, s po\u010detkom u 15:00 sati:<\/strong><\/p>\n<p><span style=\"text-decoration: underline; color: #3366ff;\"><em><a style=\"color: #3366ff; text-decoration: underline;\" href=\"https:\/\/dom-glina.hr\/wp-content\/uploads\/2024\/11\/Poziv-na-45-sjednicu-UV-a.pdf\">Poziv na 45 sjednicu UV-a<\/a><\/em><\/span>&nbsp;(pdf)<\/p>\n<p><strong>Obavijest vezana uz 45. sjednicu Upravnog vije\u0107a Doma za starije osobe Glina<\/strong>:<\/p>\n<p><span style=\"text-decoration: underline; color: #3366ff;\"><em><a style=\"color: #3366ff; text-decoration: underline;\" href=\"https:\/\/dom-glina.hr\/wp-content\/uploads\/2024\/11\/Obavijest-vezana-uz-45-sjednicu-Upravnog-vijeca.pdf\">Obavijest vezana uz 45 sjednicu Upravnog vijeca<\/a><\/em><\/span>&nbsp;(pdf)<\/p>\n","protected":false},"excerpt":{"rendered":"<p>Poziv na 45. sjednicu Upravnog vije\u0107a Doma za starije osobe Glina koja \u0107e se odr\u017eati, 07.11.2024. godine u sjedi\u0161tu Doma za starije osobe Glina, Trg hrvatskih branitelja 2, Glina, s po\u010detkom u 15:00 sati: Poziv na 45 sjednicu UV-a&nbsp;(pdf) Obavijest vezana uz 45. sjednicu Upravnog vije\u0107a Doma za starije osobe Glina: Obavijest vezana uz 45&hellip;<\/p>\n","protected":false},"author":1,"featured_media":0,"comment_status":"closed","ping_status":"closed","sticky":false,"template":"","format":"standard","meta":{"_monsterinsights_skip_tracking":false,"_monsterinsights_sitenote_active":false,"_monsterinsights_sitenote_note":"","_monsterinsights_sitenote_category":0,"ngg_post_thumbnail":0,"footnotes":""},"categories":[43],"tags":[],"aioseo_notices":[],"_links":{"self":[{"href":"https:\/\/dom-glina.hr\/index.php?rest_route=\/wp\/v2\/posts\/7073"}],"collection":[{"href":"https:\/\/dom-glina.hr\/index.php?rest_route=\/wp\/v2\/posts"}],"about":[{"href":"https:\/\/dom-glina.hr\/index.php?rest_route=\/wp\/v2\/types\/post"}],"author":[{"embeddable":true,"href":"https:\/\/dom-glina.hr\/index.php?rest_route=\/wp\/v2\/users\/1"}],"replies":[{"embeddable":true,"href":"https:\/\/dom-glina.hr\/index.php?rest_route=%2Fwp%2Fv2%2Fcomments&post=7073"}],"version-history":[{"count":3,"href":"https:\/\/dom-glina.hr\/index.php?rest_route=\/wp\/v2\/posts\/7073\/revisions"}],"predecessor-version":[{"id":7089,"href":"https:\/\/dom-glina.hr\/index.php?rest_route=\/wp\/v2\/posts\/7073\/revisions\/7089"}],"wp:attachment":[{"href":"https:\/\/dom-glina.hr\/index.php?rest_route=%2Fwp%2Fv2%2Fmedia&parent=7073"}],"wp:term":[{"taxonomy":"category","embeddable":true,"href":"https:\/\/dom-glina.hr\/index.php?rest_route=%2Fwp%2Fv2%2Fcategories&post=7073"},{"taxonomy":"post_tag","embeddable":true,"href":"https:\/\/dom-glina.hr\/index.php?rest_route=%2Fwp%2Fv2%2Ftags&post=7073"}],"curies":[{"name":"wp","href":"https:\/\/api.w.org\/{rel}","templated":true}]}}