{"id":7031,"date":"2024-08-14T18:59:41","date_gmt":"2024-08-14T16:59:41","guid":{"rendered":"https:\/\/dom-glina.hr\/?p=7031"},"modified":"2024-09-18T19:00:56","modified_gmt":"2024-09-18T17:00:56","slug":"uoci-blagdana-velike-gospe","status":"publish","type":"post","link":"https:\/\/dom-glina.hr\/?p=7031","title":{"rendered":"Uo\u010di blagdana Velike Gospe"},"content":{"rendered":"<p>Uo\u010di blagdana Velike Gospe u na\u0161em Domu bilo je sve\u010dano i radosno. Kako svaki mjesec tako i ovaj posjetio nas je generalni vikar Sisa\u010dke biskupije mons. Ivica Ma\u0111er te uz misno slavlje prenio vrlo inspirativnu poruku o va\u017enosti vjere i zajedni\u0161tva. Duhovnim bogatstvom oplemenio je sve korisnike i djelatnike Doma te mu se od srca zahvaljujemo na svemu \u0161to je u\u010dinio za na\u0161 Dom.<br \/>\nKako vele\u010dasni odlazi u drugu \u017eupu oprostili smo se od njega uz zahvalu i skroman poklon od korisnika i djelatnika Doma Glina.<br \/>\n\u017delimo mu puno zdravlja i sre\u0107e te da nastavi i dalje uspje\u0161no voditi novu \u017eupu kao \u0161to je vodio \u017eupu sv. Ivana Nepomuka u Glini.<\/p>\n<p><a href=\"https:\/\/www.facebook.com\/permalink.php?story_fbid=pfbid031uQkopzJu9C4Bti7SwCgdt3VWcUVPCaPZXHpSziXQ1ic4m595tJRJMVPpPuGqYDcl&amp;id=100057456069057\"><span style=\"text-decoration: underline; color: #3366ff;\"><em>https:\/\/www.facebook.com\/permalink.php?story_fbid=pfbid031uQkopzJu9C4Bti7SwCgdt3VWcUVPCaPZXHpSziXQ1ic4m595tJRJMVPpPuGqYDcl&amp;id=100057456069057<\/em><\/span><\/a><\/p>\n","protected":false},"excerpt":{"rendered":"<p>Uo\u010di blagdana Velike Gospe u na\u0161em Domu bilo je sve\u010dano i radosno. Kako svaki mjesec tako i ovaj posjetio nas je generalni vikar Sisa\u010dke biskupije mons. Ivica Ma\u0111er te uz misno slavlje prenio vrlo inspirativnu poruku o va\u017enosti vjere i zajedni\u0161tva. Duhovnim bogatstvom oplemenio je sve korisnike i djelatnike Doma te mu se od srca&hellip;<\/p>\n","protected":false},"author":1,"featured_media":7032,"comment_status":"closed","ping_status":"closed","sticky":false,"template":"","format":"standard","meta":{"_monsterinsights_skip_tracking":false,"_monsterinsights_sitenote_active":false,"_monsterinsights_sitenote_note":"","_monsterinsights_sitenote_category":0,"ngg_post_thumbnail":0,"footnotes":""},"categories":[2],"tags":[],"aioseo_notices":[],"_links":{"self":[{"href":"https:\/\/dom-glina.hr\/index.php?rest_route=\/wp\/v2\/posts\/7031"}],"collection":[{"href":"https:\/\/dom-glina.hr\/index.php?rest_route=\/wp\/v2\/posts"}],"about":[{"href":"https:\/\/dom-glina.hr\/index.php?rest_route=\/wp\/v2\/types\/post"}],"author":[{"embeddable":true,"href":"https:\/\/dom-glina.hr\/index.php?rest_route=\/wp\/v2\/users\/1"}],"replies":[{"embeddable":true,"href":"https:\/\/dom-glina.hr\/index.php?rest_route=%2Fwp%2Fv2%2Fcomments&post=7031"}],"version-history":[{"count":1,"href":"https:\/\/dom-glina.hr\/index.php?rest_route=\/wp\/v2\/posts\/7031\/revisions"}],"predecessor-version":[{"id":7033,"href":"https:\/\/dom-glina.hr\/index.php?rest_route=\/wp\/v2\/posts\/7031\/revisions\/7033"}],"wp:featuredmedia":[{"embeddable":true,"href":"https:\/\/dom-glina.hr\/index.php?rest_route=\/wp\/v2\/media\/7032"}],"wp:attachment":[{"href":"https:\/\/dom-glina.hr\/index.php?rest_route=%2Fwp%2Fv2%2Fmedia&parent=7031"}],"wp:term":[{"taxonomy":"category","embeddable":true,"href":"https:\/\/dom-glina.hr\/index.php?rest_route=%2Fwp%2Fv2%2Fcategories&post=7031"},{"taxonomy":"post_tag","embeddable":true,"href":"https:\/\/dom-glina.hr\/index.php?rest_route=%2Fwp%2Fv2%2Ftags&post=7031"}],"curies":[{"name":"wp","href":"https:\/\/api.w.org\/{rel}","templated":true}]}}