{"id":7000,"date":"2024-06-15T18:33:08","date_gmt":"2024-06-15T16:33:08","guid":{"rendered":"https:\/\/dom-glina.hr\/?p=7000"},"modified":"2024-09-18T18:34:54","modified_gmt":"2024-09-18T16:34:54","slug":"udruga-bacaci-sjenki","status":"publish","type":"post","link":"https:\/\/dom-glina.hr\/?p=7000","title":{"rendered":"Udruga Baca\u010di sjenki"},"content":{"rendered":"<p>Dana 15.6. 2024.godine Udruga Baca\u010di sjenki je u sklopu projekta Konstelacije zajednice u Hrvatskom domu Glina odr\u017eala radionicu \u201ePri\u010danje pri\u010da&#8221;na kojoj su prisustvovali na\u0161i korisnici.<br \/>\nU ugodnom dru\u0161tvu uz kavu, sok i krafne korisnici su podijelili svoje \u017eivotne pri\u010de i tako ispunili svoje vrijeme.<\/p>\n<p><a href=\"https:\/\/www.facebook.com\/permalink.php?story_fbid=pfbid023syNqec4BxnDkT1zWbCth2CRSAyEyjtfWuk5BShv4Rt7fMf4tYa4UM4R9NoQ8DGMl&amp;id=100057456069057\"><span style=\"text-decoration: underline; color: #3366ff;\"><em>https:\/\/www.facebook.com\/permalink.php?story_fbid=pfbid023syNqec4BxnDkT1zWbCth2CRSAyEyjtfWuk5BShv4Rt7fMf4tYa4UM4R9NoQ8DGMl&amp;id=100057456069057<\/em><\/span><\/a><\/p>\n<p>&nbsp;<\/p>\n","protected":false},"excerpt":{"rendered":"<p>Dana 15.6. 2024.godine Udruga Baca\u010di sjenki je u sklopu projekta Konstelacije zajednice u Hrvatskom domu Glina odr\u017eala radionicu \u201ePri\u010danje pri\u010da&#8221;na kojoj su prisustvovali na\u0161i korisnici. U ugodnom dru\u0161tvu uz kavu, sok i krafne korisnici su podijelili svoje \u017eivotne pri\u010de i tako ispunili svoje vrijeme. https:\/\/www.facebook.com\/permalink.php?story_fbid=pfbid023syNqec4BxnDkT1zWbCth2CRSAyEyjtfWuk5BShv4Rt7fMf4tYa4UM4R9NoQ8DGMl&amp;id=100057456069057 &nbsp;<\/p>\n","protected":false},"author":1,"featured_media":7001,"comment_status":"closed","ping_status":"closed","sticky":false,"template":"","format":"standard","meta":{"_monsterinsights_skip_tracking":false,"_monsterinsights_sitenote_active":false,"_monsterinsights_sitenote_note":"","_monsterinsights_sitenote_category":0,"ngg_post_thumbnail":0,"footnotes":""},"categories":[2],"tags":[],"aioseo_notices":[],"_links":{"self":[{"href":"https:\/\/dom-glina.hr\/index.php?rest_route=\/wp\/v2\/posts\/7000"}],"collection":[{"href":"https:\/\/dom-glina.hr\/index.php?rest_route=\/wp\/v2\/posts"}],"about":[{"href":"https:\/\/dom-glina.hr\/index.php?rest_route=\/wp\/v2\/types\/post"}],"author":[{"embeddable":true,"href":"https:\/\/dom-glina.hr\/index.php?rest_route=\/wp\/v2\/users\/1"}],"replies":[{"embeddable":true,"href":"https:\/\/dom-glina.hr\/index.php?rest_route=%2Fwp%2Fv2%2Fcomments&post=7000"}],"version-history":[{"count":1,"href":"https:\/\/dom-glina.hr\/index.php?rest_route=\/wp\/v2\/posts\/7000\/revisions"}],"predecessor-version":[{"id":7002,"href":"https:\/\/dom-glina.hr\/index.php?rest_route=\/wp\/v2\/posts\/7000\/revisions\/7002"}],"wp:featuredmedia":[{"embeddable":true,"href":"https:\/\/dom-glina.hr\/index.php?rest_route=\/wp\/v2\/media\/7001"}],"wp:attachment":[{"href":"https:\/\/dom-glina.hr\/index.php?rest_route=%2Fwp%2Fv2%2Fmedia&parent=7000"}],"wp:term":[{"taxonomy":"category","embeddable":true,"href":"https:\/\/dom-glina.hr\/index.php?rest_route=%2Fwp%2Fv2%2Fcategories&post=7000"},{"taxonomy":"post_tag","embeddable":true,"href":"https:\/\/dom-glina.hr\/index.php?rest_route=%2Fwp%2Fv2%2Ftags&post=7000"}],"curies":[{"name":"wp","href":"https:\/\/api.w.org\/{rel}","templated":true}]}}