{"id":6997,"date":"2024-06-14T18:30:27","date_gmt":"2024-06-14T16:30:27","guid":{"rendered":"https:\/\/dom-glina.hr\/?p=6997"},"modified":"2024-09-18T18:32:11","modified_gmt":"2024-09-18T16:32:11","slug":"dan-otvorenih-vrata-doma","status":"publish","type":"post","link":"https:\/\/dom-glina.hr\/?p=6997","title":{"rendered":"DAN OTVORENIH VRATA DOMA"},"content":{"rendered":"<p>Obilje\u017eili smo Dan Sisa\u010dko moslava\u010dke \u017eupanije tako da smo otvorili svoja vrata svim zainteresiranim budu\u0107im korisnicima njihovim obiteljima, izvaninstitucijskim korisnicima , suradnicima i gostima.<br \/>\nU interakciji s na\u0161im djelatnicima pobli\u017ee su se upoznali s na\u0161im smje\u0161tajem, uslugama koje pru\u017eamo te aktivnostima koje provodimo u radu s korisnicima.<br \/>\nMedicinske sestre su mjerile krvni tlak i razinu \u0161e\u0107era u krvi.<br \/>\nS nama su kao i uvijek bili volonteri Osnovne i Srednje \u0161kole, Udruge Suncokret, Knji\u017enice I \u010ditaonice Glina koji su zajedno s korisnicima odr\u017eali likovno &#8211; kreativne radionice, dru\u0161tvene , sportske igre i hvala im na tome.<br \/>\nSve to se odvijalo uz glazbu , pjesmu i ples \u010dlanova KUD- a Tre\u0107a sre\u0107a iz Gline.<br \/>\nVeliko hvala svim djelatnicima, pjeva\u010dkom zboru korisnika, recitatorskoj grupi i KUD- u Tre\u0107a sre\u0107a.<br \/>\nHvala na\u0161em osniva\u010du Sisa\u010dko- moslava\u010dkoj \u017eupaniji, \u017eupanijskoj vije\u0107nici doktorici Sanji \u0160tingl Vla\u0161i\u0107, gradona\u010delniku Ivanu Jankovi\u0107u koji nas podr\u017eavaju u svim aktivnostima.<br \/>\nBilo je lijepo i hvala svima na dolasku.<\/p>\n<p><a href=\"https:\/\/www.facebook.com\/permalink.php?story_fbid=pfbid02qRyzDMWjU9mQsoNRaEVxn9MDXAKDkoS4apsPX4g7oDZ2xDT1ZWKWGa941VwMZ8S4l&amp;id=100057456069057\"><span style=\"text-decoration: underline; color: #3366ff;\"><em>https:\/\/www.facebook.com\/permalink.php?story_fbid=pfbid02qRyzDMWjU9mQsoNRaEVxn9MDXAKDkoS4apsPX4g7oDZ2xDT1ZWKWGa941VwMZ8S4l&amp;id=100057456069057<\/em><\/span><\/a><\/p>\n","protected":false},"excerpt":{"rendered":"<p>Obilje\u017eili smo Dan Sisa\u010dko moslava\u010dke \u017eupanije tako da smo otvorili svoja vrata svim zainteresiranim budu\u0107im korisnicima njihovim obiteljima, izvaninstitucijskim korisnicima , suradnicima i gostima. U interakciji s na\u0161im djelatnicima pobli\u017ee su se upoznali s na\u0161im smje\u0161tajem, uslugama koje pru\u017eamo te aktivnostima koje provodimo u radu s korisnicima. Medicinske sestre su mjerile krvni tlak i razinu&hellip;<\/p>\n","protected":false},"author":1,"featured_media":6998,"comment_status":"closed","ping_status":"closed","sticky":false,"template":"","format":"standard","meta":{"_monsterinsights_skip_tracking":false,"_monsterinsights_sitenote_active":false,"_monsterinsights_sitenote_note":"","_monsterinsights_sitenote_category":0,"ngg_post_thumbnail":0,"footnotes":""},"categories":[2],"tags":[],"aioseo_notices":[],"_links":{"self":[{"href":"https:\/\/dom-glina.hr\/index.php?rest_route=\/wp\/v2\/posts\/6997"}],"collection":[{"href":"https:\/\/dom-glina.hr\/index.php?rest_route=\/wp\/v2\/posts"}],"about":[{"href":"https:\/\/dom-glina.hr\/index.php?rest_route=\/wp\/v2\/types\/post"}],"author":[{"embeddable":true,"href":"https:\/\/dom-glina.hr\/index.php?rest_route=\/wp\/v2\/users\/1"}],"replies":[{"embeddable":true,"href":"https:\/\/dom-glina.hr\/index.php?rest_route=%2Fwp%2Fv2%2Fcomments&post=6997"}],"version-history":[{"count":1,"href":"https:\/\/dom-glina.hr\/index.php?rest_route=\/wp\/v2\/posts\/6997\/revisions"}],"predecessor-version":[{"id":6999,"href":"https:\/\/dom-glina.hr\/index.php?rest_route=\/wp\/v2\/posts\/6997\/revisions\/6999"}],"wp:featuredmedia":[{"embeddable":true,"href":"https:\/\/dom-glina.hr\/index.php?rest_route=\/wp\/v2\/media\/6998"}],"wp:attachment":[{"href":"https:\/\/dom-glina.hr\/index.php?rest_route=%2Fwp%2Fv2%2Fmedia&parent=6997"}],"wp:term":[{"taxonomy":"category","embeddable":true,"href":"https:\/\/dom-glina.hr\/index.php?rest_route=%2Fwp%2Fv2%2Fcategories&post=6997"},{"taxonomy":"post_tag","embeddable":true,"href":"https:\/\/dom-glina.hr\/index.php?rest_route=%2Fwp%2Fv2%2Ftags&post=6997"}],"curies":[{"name":"wp","href":"https:\/\/api.w.org\/{rel}","templated":true}]}}