{"id":6991,"date":"2024-06-12T18:27:59","date_gmt":"2024-06-12T16:27:59","guid":{"rendered":"https:\/\/dom-glina.hr\/?p=6991"},"modified":"2024-09-18T18:30:13","modified_gmt":"2024-09-18T16:30:13","slug":"knjiznica-i-citaonica-glina-za-sticenike-doma-za-starije-osobe-glina","status":"publish","type":"post","link":"https:\/\/dom-glina.hr\/?p=6991","title":{"rendered":"Knji\u017enica i \u010ditaonica Glina za \u0161ti\u0107enike Doma za starije osobe Glina"},"content":{"rendered":"<p>More i ljeto su bile teme posljednjeg susreta knji\u017eni\u010darki Knji\u017enice i \u010ditaonice Glina i \u0161ti\u0107enika Doma za starije osobe Glina.<\/p>\n<p>Poznato je da zaposlenice knji\u017enice organiziraju brojne radionice, doga\u0111aje, predavanja i akcije kojima nastoje uklju\u010diti, educirati i pru\u017eiti stanovnicima Gline zanimljiv sadr\u017eaj, zabavu i kvalitetno dru\u017eenje.<\/p>\n<p>Tako provode i redovne posjete korisnike Doma za starije osobe Glina na kojima se s njima dru\u017ee uz \u010ditanja, razgovor i pjesmu. Knji\u017eni\u010darke Ivana Be\u0161li\u0107 Luka\u010d i Zrinka Bak\u0161i\u0107 ovog su puta s korisnicima razgovarale o ljetu i moru.<\/p>\n<blockquote class=\"wp-embedded-content\" data-secret=\"n0dB0lWYq1\"><p><a href=\"https:\/\/www.glina.hr\/knjiznica-i-citaonica-glina-za-sticenike-doma-za-starije-osobe-glina\/\">Knji\u017enica i \u010ditaonica Glina za \u0161ti\u0107enike Doma za starije osobe Glina<\/a><\/p><\/blockquote>\n<p><iframe class=\"wp-embedded-content\" sandbox=\"allow-scripts\" security=\"restricted\" style=\"position: absolute; clip: rect(1px, 1px, 1px, 1px);\" title=\"&#8220;Knji\u017enica i \u010ditaonica Glina za \u0161ti\u0107enike Doma za starije osobe Glina&#8221; &#8212; Glina News\" src=\"https:\/\/www.glina.hr\/knjiznica-i-citaonica-glina-za-sticenike-doma-za-starije-osobe-glina\/embed\/#?secret=9fcvCNUbmj#?secret=n0dB0lWYq1\" data-secret=\"n0dB0lWYq1\" width=\"600\" height=\"338\" frameborder=\"0\" marginwidth=\"0\" marginheight=\"0\" scrolling=\"no\"><\/iframe><\/p>\n","protected":false},"excerpt":{"rendered":"<p>More i ljeto su bile teme posljednjeg susreta knji\u017eni\u010darki Knji\u017enice i \u010ditaonice Glina i \u0161ti\u0107enika Doma za starije osobe Glina. Poznato je da zaposlenice knji\u017enice organiziraju brojne radionice, doga\u0111aje, predavanja i akcije kojima nastoje uklju\u010diti, educirati i pru\u017eiti stanovnicima Gline zanimljiv sadr\u017eaj, zabavu i kvalitetno dru\u017eenje. Tako provode i redovne posjete korisnike Doma za starije&hellip;<\/p>\n","protected":false},"author":1,"featured_media":6992,"comment_status":"closed","ping_status":"closed","sticky":false,"template":"","format":"standard","meta":{"_monsterinsights_skip_tracking":false,"_monsterinsights_sitenote_active":false,"_monsterinsights_sitenote_note":"","_monsterinsights_sitenote_category":0,"ngg_post_thumbnail":0,"footnotes":""},"categories":[2],"tags":[],"aioseo_notices":[],"_links":{"self":[{"href":"https:\/\/dom-glina.hr\/index.php?rest_route=\/wp\/v2\/posts\/6991"}],"collection":[{"href":"https:\/\/dom-glina.hr\/index.php?rest_route=\/wp\/v2\/posts"}],"about":[{"href":"https:\/\/dom-glina.hr\/index.php?rest_route=\/wp\/v2\/types\/post"}],"author":[{"embeddable":true,"href":"https:\/\/dom-glina.hr\/index.php?rest_route=\/wp\/v2\/users\/1"}],"replies":[{"embeddable":true,"href":"https:\/\/dom-glina.hr\/index.php?rest_route=%2Fwp%2Fv2%2Fcomments&post=6991"}],"version-history":[{"count":2,"href":"https:\/\/dom-glina.hr\/index.php?rest_route=\/wp\/v2\/posts\/6991\/revisions"}],"predecessor-version":[{"id":6994,"href":"https:\/\/dom-glina.hr\/index.php?rest_route=\/wp\/v2\/posts\/6991\/revisions\/6994"}],"wp:featuredmedia":[{"embeddable":true,"href":"https:\/\/dom-glina.hr\/index.php?rest_route=\/wp\/v2\/media\/6992"}],"wp:attachment":[{"href":"https:\/\/dom-glina.hr\/index.php?rest_route=%2Fwp%2Fv2%2Fmedia&parent=6991"}],"wp:term":[{"taxonomy":"category","embeddable":true,"href":"https:\/\/dom-glina.hr\/index.php?rest_route=%2Fwp%2Fv2%2Fcategories&post=6991"},{"taxonomy":"post_tag","embeddable":true,"href":"https:\/\/dom-glina.hr\/index.php?rest_route=%2Fwp%2Fv2%2Ftags&post=6991"}],"curies":[{"name":"wp","href":"https:\/\/api.w.org\/{rel}","templated":true}]}}