{"id":6971,"date":"2024-09-13T15:02:30","date_gmt":"2024-09-13T13:02:30","guid":{"rendered":"https:\/\/dom-glina.hr\/?p=6971"},"modified":"2024-09-17T20:48:48","modified_gmt":"2024-09-17T18:48:48","slug":"42-sjednica-upravnog-vijeca-16-09-2024","status":"publish","type":"post","link":"https:\/\/dom-glina.hr\/?p=6971","title":{"rendered":"42. sjednica Upravnog vije\u0107a \u2013 16.09.2024."},"content":{"rendered":"<p>Poziv na 42. sjednicu Upravnog vije\u0107a Doma za starije osobe Glina koja \u0107e se odr\u017eati, elektronskim putem \u2013 e-mailom 16.09.2024. godine u sjedi\u0161tu Doma za starije osobe Glina, Trg hrvatskih branitelja 2, Glina, s po\u010detkom u 09:00 sati:<\/p>\n<p><span style=\"text-decoration: underline; color: #3366ff;\"><em><a style=\"color: #3366ff; text-decoration: underline;\" href=\"https:\/\/dom-glina.hr\/wp-content\/uploads\/2024\/09\/Poziv-na-42-sjednicu-UV-a-.pdf\">Poziv na 42 sjednicu UV-a<\/a><\/em><\/span>&nbsp;(pdf)<\/p>\n<p><strong>Obavijest vezana uz 42. sjednicu Upravnog vije\u0107a Doma za starije osobe Glina<\/strong><\/p>\n<p><span style=\"text-decoration: underline; color: #3366ff;\"><em><a style=\"color: #3366ff; text-decoration: underline;\" href=\"https:\/\/dom-glina.hr\/wp-content\/uploads\/2024\/09\/Obavijest-vezana-uz-42-sjednicu-Upravnog-vijeca.pdf\">Obavijest vezana uz 42 sjednicu Upravnog vijeca<\/a><\/em><\/span>&nbsp;(pdf)<\/p>\n","protected":false},"excerpt":{"rendered":"<p>Poziv na 42. sjednicu Upravnog vije\u0107a Doma za starije osobe Glina koja \u0107e se odr\u017eati, elektronskim putem \u2013 e-mailom 16.09.2024. godine u sjedi\u0161tu Doma za starije osobe Glina, Trg hrvatskih branitelja 2, Glina, s po\u010detkom u 09:00 sati: Poziv na 42 sjednicu UV-a&nbsp;(pdf) Obavijest vezana uz 42. sjednicu Upravnog vije\u0107a Doma za starije osobe Glina&hellip;<\/p>\n","protected":false},"author":1,"featured_media":0,"comment_status":"closed","ping_status":"closed","sticky":false,"template":"","format":"standard","meta":{"_monsterinsights_skip_tracking":false,"_monsterinsights_sitenote_active":false,"_monsterinsights_sitenote_note":"","_monsterinsights_sitenote_category":0,"ngg_post_thumbnail":0,"footnotes":""},"categories":[43],"tags":[],"aioseo_notices":[],"_links":{"self":[{"href":"https:\/\/dom-glina.hr\/index.php?rest_route=\/wp\/v2\/posts\/6971"}],"collection":[{"href":"https:\/\/dom-glina.hr\/index.php?rest_route=\/wp\/v2\/posts"}],"about":[{"href":"https:\/\/dom-glina.hr\/index.php?rest_route=\/wp\/v2\/types\/post"}],"author":[{"embeddable":true,"href":"https:\/\/dom-glina.hr\/index.php?rest_route=\/wp\/v2\/users\/1"}],"replies":[{"embeddable":true,"href":"https:\/\/dom-glina.hr\/index.php?rest_route=%2Fwp%2Fv2%2Fcomments&post=6971"}],"version-history":[{"count":3,"href":"https:\/\/dom-glina.hr\/index.php?rest_route=\/wp\/v2\/posts\/6971\/revisions"}],"predecessor-version":[{"id":6984,"href":"https:\/\/dom-glina.hr\/index.php?rest_route=\/wp\/v2\/posts\/6971\/revisions\/6984"}],"wp:attachment":[{"href":"https:\/\/dom-glina.hr\/index.php?rest_route=%2Fwp%2Fv2%2Fmedia&parent=6971"}],"wp:term":[{"taxonomy":"category","embeddable":true,"href":"https:\/\/dom-glina.hr\/index.php?rest_route=%2Fwp%2Fv2%2Fcategories&post=6971"},{"taxonomy":"post_tag","embeddable":true,"href":"https:\/\/dom-glina.hr\/index.php?rest_route=%2Fwp%2Fv2%2Ftags&post=6971"}],"curies":[{"name":"wp","href":"https:\/\/api.w.org\/{rel}","templated":true}]}}