{"id":6953,"date":"2024-08-27T13:27:53","date_gmt":"2024-08-27T11:27:53","guid":{"rendered":"https:\/\/dom-glina.hr\/?p=6953"},"modified":"2024-09-17T20:47:46","modified_gmt":"2024-09-17T18:47:46","slug":"41-sjednica-upravnog-vijeca-04-09-2024","status":"publish","type":"post","link":"https:\/\/dom-glina.hr\/?p=6953","title":{"rendered":"41. sjednica Upravnog vije\u0107a \u2013 04.09.2024."},"content":{"rendered":"<p>Poziv na 41. sjednicu Upravnog vije\u0107a Doma za starije osobe Glina koja \u0107e se odr\u017eati 04.09.2024. godine u sjedi\u0161tu Doma za starije osobe Glina, Trg hrvatskih branitelja 2, Glina, s po\u010detkom u 09:00 sati:<\/p>\n<p><span style=\"text-decoration: underline; color: #3366ff;\"><em><a style=\"color: #3366ff; text-decoration: underline;\" href=\"https:\/\/dom-glina.hr\/wp-content\/uploads\/2024\/08\/Poziv-na-41-sjednicu-UV-a.pdf\">Poziv na 41 sjednicu UV-a<\/a><\/em><\/span>&nbsp;(pdf)<\/p>\n<p><strong>Obavijest vezana uz 41. sjednicu Upravnog vije\u0107a Doma za starije osobe Glina<\/strong><\/p>\n<p><span style=\"text-decoration: underline; color: #3366ff;\"><em><a style=\"color: #3366ff; text-decoration: underline;\" href=\"https:\/\/dom-glina.hr\/wp-content\/uploads\/2024\/08\/Obavijest-vezana-uz-41-sjednicu-Upravnog-vijeca_.pdf\">Obavijest vezana uz 41 sjednicu Upravnog vijeca_<\/a><\/em><\/span>&nbsp;(pdf)<\/p>\n","protected":false},"excerpt":{"rendered":"<p>Poziv na 41. sjednicu Upravnog vije\u0107a Doma za starije osobe Glina koja \u0107e se odr\u017eati 04.09.2024. godine u sjedi\u0161tu Doma za starije osobe Glina, Trg hrvatskih branitelja 2, Glina, s po\u010detkom u 09:00 sati: Poziv na 41 sjednicu UV-a&nbsp;(pdf) Obavijest vezana uz 41. sjednicu Upravnog vije\u0107a Doma za starije osobe Glina Obavijest vezana uz 41&hellip;<\/p>\n","protected":false},"author":1,"featured_media":0,"comment_status":"closed","ping_status":"closed","sticky":false,"template":"","format":"standard","meta":{"_monsterinsights_skip_tracking":false,"_monsterinsights_sitenote_active":false,"_monsterinsights_sitenote_note":"","_monsterinsights_sitenote_category":0,"ngg_post_thumbnail":0,"footnotes":""},"categories":[43],"tags":[],"aioseo_notices":[],"_links":{"self":[{"href":"https:\/\/dom-glina.hr\/index.php?rest_route=\/wp\/v2\/posts\/6953"}],"collection":[{"href":"https:\/\/dom-glina.hr\/index.php?rest_route=\/wp\/v2\/posts"}],"about":[{"href":"https:\/\/dom-glina.hr\/index.php?rest_route=\/wp\/v2\/types\/post"}],"author":[{"embeddable":true,"href":"https:\/\/dom-glina.hr\/index.php?rest_route=\/wp\/v2\/users\/1"}],"replies":[{"embeddable":true,"href":"https:\/\/dom-glina.hr\/index.php?rest_route=%2Fwp%2Fv2%2Fcomments&post=6953"}],"version-history":[{"count":5,"href":"https:\/\/dom-glina.hr\/index.php?rest_route=\/wp\/v2\/posts\/6953\/revisions"}],"predecessor-version":[{"id":6981,"href":"https:\/\/dom-glina.hr\/index.php?rest_route=\/wp\/v2\/posts\/6953\/revisions\/6981"}],"wp:attachment":[{"href":"https:\/\/dom-glina.hr\/index.php?rest_route=%2Fwp%2Fv2%2Fmedia&parent=6953"}],"wp:term":[{"taxonomy":"category","embeddable":true,"href":"https:\/\/dom-glina.hr\/index.php?rest_route=%2Fwp%2Fv2%2Fcategories&post=6953"},{"taxonomy":"post_tag","embeddable":true,"href":"https:\/\/dom-glina.hr\/index.php?rest_route=%2Fwp%2Fv2%2Ftags&post=6953"}],"curies":[{"name":"wp","href":"https:\/\/api.w.org\/{rel}","templated":true}]}}