{"id":6581,"date":"2023-11-17T12:36:15","date_gmt":"2023-11-17T11:36:15","guid":{"rendered":"https:\/\/dom-glina.hr\/?p=6581"},"modified":"2023-12-12T12:38:01","modified_gmt":"2023-12-12T11:38:01","slug":"dan-sjecanja-na-zrtve-domovinskog-rata-i-dan-sjecanja-na-zrtvu-vukovara-i-skabrnje-2","status":"publish","type":"post","link":"https:\/\/dom-glina.hr\/?p=6581","title":{"rendered":"Dan sje\u0107anja na \u017ertve Domovinskog rata i Dan sje\u0107anja na \u017ertvu Vukovara i \u0160kabrnje"},"content":{"rendered":"<p>Danas smo obilje\u017eili blagdan Dan sje\u0107anja na \u017ertve Domovinskog rata i Dan sje\u0107anja na \u017ertvu Vukovara i \u0160kabrnje.<\/p>\n<p>Korisnici i djelatnici sudjelovali su u paljenju svije\u0107a u Vukovarskoj ulici \u010dime su odali po\u010dast svim \u017ertvama.<\/p>\n<p><a href=\"https:\/\/www.facebook.com\/permalink.php?story_fbid=pfbid02TqQMnb3CFCYh2EAasihzsiimVKT4VtVAKnavs7GMAZ7HytAf7RgdhTc6KrpPyk8Gl&amp;id=100057456069057\"><span style=\"text-decoration: underline; color: #3366ff;\"><em>https:\/\/www.facebook.com\/permalink.php?story_fbid=pfbid02TqQMnb3CFCYh2EAasihzsiimVKT4VtVAKnavs7GMAZ7HytAf7RgdhTc6KrpPyk8Gl&amp;id=100057456069057<\/em><\/span><\/a><\/p>\n","protected":false},"excerpt":{"rendered":"<p>Danas smo obilje\u017eili blagdan Dan sje\u0107anja na \u017ertve Domovinskog rata i Dan sje\u0107anja na \u017ertvu Vukovara i \u0160kabrnje. Korisnici i djelatnici sudjelovali su u paljenju svije\u0107a u Vukovarskoj ulici \u010dime su odali po\u010dast svim \u017ertvama. https:\/\/www.facebook.com\/permalink.php?story_fbid=pfbid02TqQMnb3CFCYh2EAasihzsiimVKT4VtVAKnavs7GMAZ7HytAf7RgdhTc6KrpPyk8Gl&amp;id=100057456069057<\/p>\n","protected":false},"author":1,"featured_media":6582,"comment_status":"closed","ping_status":"closed","sticky":false,"template":"","format":"standard","meta":{"_monsterinsights_skip_tracking":false,"_monsterinsights_sitenote_active":false,"_monsterinsights_sitenote_note":"","_monsterinsights_sitenote_category":0,"ngg_post_thumbnail":0,"footnotes":""},"categories":[2],"tags":[],"aioseo_notices":[],"_links":{"self":[{"href":"https:\/\/dom-glina.hr\/index.php?rest_route=\/wp\/v2\/posts\/6581"}],"collection":[{"href":"https:\/\/dom-glina.hr\/index.php?rest_route=\/wp\/v2\/posts"}],"about":[{"href":"https:\/\/dom-glina.hr\/index.php?rest_route=\/wp\/v2\/types\/post"}],"author":[{"embeddable":true,"href":"https:\/\/dom-glina.hr\/index.php?rest_route=\/wp\/v2\/users\/1"}],"replies":[{"embeddable":true,"href":"https:\/\/dom-glina.hr\/index.php?rest_route=%2Fwp%2Fv2%2Fcomments&post=6581"}],"version-history":[{"count":1,"href":"https:\/\/dom-glina.hr\/index.php?rest_route=\/wp\/v2\/posts\/6581\/revisions"}],"predecessor-version":[{"id":6583,"href":"https:\/\/dom-glina.hr\/index.php?rest_route=\/wp\/v2\/posts\/6581\/revisions\/6583"}],"wp:featuredmedia":[{"embeddable":true,"href":"https:\/\/dom-glina.hr\/index.php?rest_route=\/wp\/v2\/media\/6582"}],"wp:attachment":[{"href":"https:\/\/dom-glina.hr\/index.php?rest_route=%2Fwp%2Fv2%2Fmedia&parent=6581"}],"wp:term":[{"taxonomy":"category","embeddable":true,"href":"https:\/\/dom-glina.hr\/index.php?rest_route=%2Fwp%2Fv2%2Fcategories&post=6581"},{"taxonomy":"post_tag","embeddable":true,"href":"https:\/\/dom-glina.hr\/index.php?rest_route=%2Fwp%2Fv2%2Ftags&post=6581"}],"curies":[{"name":"wp","href":"https:\/\/api.w.org\/{rel}","templated":true}]}}