{"id":6559,"date":"2023-11-30T11:57:02","date_gmt":"2023-11-30T10:57:02","guid":{"rendered":"https:\/\/dom-glina.hr\/?p=6559"},"modified":"2023-12-06T14:56:16","modified_gmt":"2023-12-06T13:56:16","slug":"6559","status":"publish","type":"post","link":"https:\/\/dom-glina.hr\/?p=6559","title":{"rendered":"33. sjednica Upravnog vije\u0107a"},"content":{"rendered":"<p style=\"text-align: left;\">Na temelju \u010dlanka 21. Statuta Doma za starije osobe Glina KLASA: 550-01\/23-01\/02, URBROJ: 2176-143-23-22 od 07.06.2023. godine i \u010dlanka 3. stavak 3. Poslovnika o radu Upravnog vije\u0107a Doma za starije osobe Glina od 27.04.2022. godine<\/p>\n<p style=\"text-align: right;\">\u010cLANOVI UPRAVNOG VIJE\u0106A<br \/>\n&#8211; SVIMA \u2013<\/p>\n<p style=\"text-align: center;\"><strong>P O Z I V<\/strong><\/p>\n<p style=\"text-align: center;\"><strong>na 33. sjednicu elektronskim putem, e-mailomUpravnog vije\u0107a Doma za starije osobe Glina koja \u0107e se odr\u017eati, <\/strong><br \/>\n<strong>01.12.2023. godine u sjedi\u0161tu Doma za starije osobe Glina, Trg hrvatskih branitelja 2, Glina, s po\u010detkom u 09:00 sati<\/strong><\/p>\n<p>&nbsp;<\/p>\n<p style=\"text-align: center;\">D N E V N I R E D<\/p>\n<ol>\n<li style=\"text-align: left;\">Usvajanje Zapisnika sa 32. sjednice Upravnog vije\u0107a Doma za starije osobe Glina odr\u017eane dana 16.11.2023. godine<\/li>\n<li style=\"text-align: left;\">Prijedlog Odluke o provedbi postupka o pokretanju postupka jednostavne nabave namje\u0161taja za Odjel za Alzheimer i druge demencije u Domu za starije osobe Glina<\/li>\n<li style=\"text-align: left;\">Prijedlog Odluke o provedbi o pokretanju postupka jednostavne nabave medicinske opreme za Odjel za Alzheimer i druge demencije u Domu za starije osobe Glina<\/li>\n<li style=\"text-align: left;\">Prijedlog Odluke o prihva\u0107anju VII. Izmjena i dopuna Plana nabave Doma za starije osobe Glina<\/li>\n<li style=\"text-align: left;\">Prijedlog Odluke o visini cijena socijalnih usluga izvan mre\u017ee socijalnih usluga u Domu za starije osobe Glina<\/li>\n<li style=\"text-align: left;\">Prijedlog Odluke o prihva\u0107anju III. izmjena i dopuna financijskog plana Doma za starije osobe Glina<\/li>\n<\/ol>\n<p>&nbsp;<\/p>\n<p style=\"text-align: left;\">KLASA: 550-01\/23-01\/01<br \/>\nURBROJ: 2176-143-23-29<br \/>\nGlina, 30.11.2023.<\/p>\n<p style=\"text-align: right;\">PREDSJEDNIK UPRAVNOG VIJE\u0106A<br \/>\n\u017deljko \u0160e\u0161erin<\/p>\n<p>Obavijest vezana uz 33.sjednicu Upravnog vije\u0107a Doma za starije osobe Glina elektronskim putem (e-mailom):<\/p>\n<p><span style=\"text-decoration: underline; color: #3366ff;\"><em><a style=\"color: #3366ff; text-decoration: underline;\" href=\"https:\/\/dom-glina.hr\/wp-content\/uploads\/2023\/11\/Obavijest-vezana-uz-33-sjednicu-Upravnog-vijeca-.pdf\">Obavijest vezana uz 33 sjednicu Upravnog vijeca<\/a><\/em><\/span>&nbsp;(pdf)<\/p>\n","protected":false},"excerpt":{"rendered":"<p>Na temelju \u010dlanka 21. Statuta Doma za starije osobe Glina KLASA: 550-01\/23-01\/02, URBROJ: 2176-143-23-22 od 07.06.2023. godine i \u010dlanka 3. stavak 3. Poslovnika o radu Upravnog vije\u0107a Doma za starije osobe Glina od 27.04.2022. godine \u010cLANOVI UPRAVNOG VIJE\u0106A &#8211; SVIMA \u2013 P O Z I V na 33. sjednicu elektronskim putem, e-mailomUpravnog vije\u0107a Doma za&hellip;<\/p>\n","protected":false},"author":1,"featured_media":0,"comment_status":"closed","ping_status":"closed","sticky":false,"template":"","format":"standard","meta":{"_monsterinsights_skip_tracking":false,"_monsterinsights_sitenote_active":false,"_monsterinsights_sitenote_note":"","_monsterinsights_sitenote_category":0,"ngg_post_thumbnail":0,"footnotes":""},"categories":[43],"tags":[],"aioseo_notices":[],"_links":{"self":[{"href":"https:\/\/dom-glina.hr\/index.php?rest_route=\/wp\/v2\/posts\/6559"}],"collection":[{"href":"https:\/\/dom-glina.hr\/index.php?rest_route=\/wp\/v2\/posts"}],"about":[{"href":"https:\/\/dom-glina.hr\/index.php?rest_route=\/wp\/v2\/types\/post"}],"author":[{"embeddable":true,"href":"https:\/\/dom-glina.hr\/index.php?rest_route=\/wp\/v2\/users\/1"}],"replies":[{"embeddable":true,"href":"https:\/\/dom-glina.hr\/index.php?rest_route=%2Fwp%2Fv2%2Fcomments&post=6559"}],"version-history":[{"count":4,"href":"https:\/\/dom-glina.hr\/index.php?rest_route=\/wp\/v2\/posts\/6559\/revisions"}],"predecessor-version":[{"id":6576,"href":"https:\/\/dom-glina.hr\/index.php?rest_route=\/wp\/v2\/posts\/6559\/revisions\/6576"}],"wp:attachment":[{"href":"https:\/\/dom-glina.hr\/index.php?rest_route=%2Fwp%2Fv2%2Fmedia&parent=6559"}],"wp:term":[{"taxonomy":"category","embeddable":true,"href":"https:\/\/dom-glina.hr\/index.php?rest_route=%2Fwp%2Fv2%2Fcategories&post=6559"},{"taxonomy":"post_tag","embeddable":true,"href":"https:\/\/dom-glina.hr\/index.php?rest_route=%2Fwp%2Fv2%2Ftags&post=6559"}],"curies":[{"name":"wp","href":"https:\/\/api.w.org\/{rel}","templated":true}]}}