{"id":6557,"date":"2023-11-29T09:27:07","date_gmt":"2023-11-29T08:27:07","guid":{"rendered":"https:\/\/dom-glina.hr\/?p=6557"},"modified":"2023-11-29T09:27:07","modified_gmt":"2023-11-29T08:27:07","slug":"poziv-na-razgovor-za-radno-mjesto-medicinska-sestra-tehnicar-5","status":"publish","type":"post","link":"https:\/\/dom-glina.hr\/?p=6557","title":{"rendered":"Poziv na razgovor za radno mjesto medicinska sestra\/tehni\u010dar"},"content":{"rendered":"<p style=\"text-align: left;\">Temeljem natje\u010daja objavljenog dana 17.11.2023.godine na stranici Hrvatskog zavoda za zapo\u0161ljavanje, web stranici Doma za starije osobe Glina dom-glina.hr i oglasnoj plo\u010di Doma za starije osobe Glina za popunu radnog mjesta<strong>: &nbsp;medicinska sestra\/tehni\u010dar<\/strong> &#8211; 1 izvr\u0161itelj na neodre\u0111eno vrijeme u punom radnom vremenu- upra\u017enjeno radno mjesto.<\/p>\n<p style=\"text-align: left;\">Kandidati koji su podnijeli pravodobne i potpune prijave i ispunjavanju formalne uvjete iz natje\u010daja pozivaju se na razgovor koji \u0107e se odr\u017eati dana <strong>30.11.2023.god.<\/strong> u prostorijama Doma za starije osobe Glina. Trg hrvatskih branitelja 2, 44 400 Glina, prema rasporedu:<\/p>\n<ol style=\"text-align: left;\">\n<li><strong> S. <\/strong>u <strong><em>08:15<\/em><\/strong> sati ______________________________________________<\/li>\n<li><strong> A.<\/strong> u <strong><em>08:30<\/em><\/strong> sati _______________________________________________<\/li>\n<li><strong> K.<\/strong> u <strong><em>08:45<\/em><\/strong> sati _______________________________________________<\/li>\n<\/ol>\n<p style=\"text-align: left;\">Radi za\u0161tite osobnih podataka poziv na razgovor je objavljen s inicijalima.<\/p>\n<p style=\"text-align: left;\">Kandidati koji ne pristupe u to\u010dno vrijeme zakazanih termina razgovora za posao smatrat \u0107e se da su odustali od prijave na posao.<\/p>\n<p style=\"text-align: left;\">KLASA: 112-01\/23-01\/04<br \/>\nURBROJ: 2176-143-23-131<br \/>\nGlina, 29.11.2023. god.<\/p>\n<p style=\"text-align: right;\">RAVNATELJICA<br \/>\nRenata Tominovi\u0107 \u2013 Cekovi\u0107, mag. educ. rehab.<\/p>\n","protected":false},"excerpt":{"rendered":"<p>Temeljem natje\u010daja objavljenog dana 17.11.2023.godine na stranici Hrvatskog zavoda za zapo\u0161ljavanje, web stranici Doma za starije osobe Glina dom-glina.hr i oglasnoj plo\u010di Doma za starije osobe Glina za popunu radnog mjesta: &nbsp;medicinska sestra\/tehni\u010dar &#8211; 1 izvr\u0161itelj na neodre\u0111eno vrijeme u punom radnom vremenu- upra\u017enjeno radno mjesto. Kandidati koji su podnijeli pravodobne i potpune prijave i&hellip;<\/p>\n","protected":false},"author":1,"featured_media":0,"comment_status":"closed","ping_status":"closed","sticky":false,"template":"","format":"standard","meta":{"_monsterinsights_skip_tracking":false,"_monsterinsights_sitenote_active":false,"_monsterinsights_sitenote_note":"","_monsterinsights_sitenote_category":0,"ngg_post_thumbnail":0,"footnotes":""},"categories":[37],"tags":[],"aioseo_notices":[],"_links":{"self":[{"href":"https:\/\/dom-glina.hr\/index.php?rest_route=\/wp\/v2\/posts\/6557"}],"collection":[{"href":"https:\/\/dom-glina.hr\/index.php?rest_route=\/wp\/v2\/posts"}],"about":[{"href":"https:\/\/dom-glina.hr\/index.php?rest_route=\/wp\/v2\/types\/post"}],"author":[{"embeddable":true,"href":"https:\/\/dom-glina.hr\/index.php?rest_route=\/wp\/v2\/users\/1"}],"replies":[{"embeddable":true,"href":"https:\/\/dom-glina.hr\/index.php?rest_route=%2Fwp%2Fv2%2Fcomments&post=6557"}],"version-history":[{"count":1,"href":"https:\/\/dom-glina.hr\/index.php?rest_route=\/wp\/v2\/posts\/6557\/revisions"}],"predecessor-version":[{"id":6558,"href":"https:\/\/dom-glina.hr\/index.php?rest_route=\/wp\/v2\/posts\/6557\/revisions\/6558"}],"wp:attachment":[{"href":"https:\/\/dom-glina.hr\/index.php?rest_route=%2Fwp%2Fv2%2Fmedia&parent=6557"}],"wp:term":[{"taxonomy":"category","embeddable":true,"href":"https:\/\/dom-glina.hr\/index.php?rest_route=%2Fwp%2Fv2%2Fcategories&post=6557"},{"taxonomy":"post_tag","embeddable":true,"href":"https:\/\/dom-glina.hr\/index.php?rest_route=%2Fwp%2Fv2%2Ftags&post=6557"}],"curies":[{"name":"wp","href":"https:\/\/api.w.org\/{rel}","templated":true}]}}