{"id":6532,"date":"2023-11-14T09:42:55","date_gmt":"2023-11-14T08:42:55","guid":{"rendered":"https:\/\/dom-glina.hr\/?p=6532"},"modified":"2023-11-21T10:12:12","modified_gmt":"2023-11-21T09:12:12","slug":"6532","status":"publish","type":"post","link":"https:\/\/dom-glina.hr\/?p=6532","title":{"rendered":"32. sjednica Upravnog vije\u0107a"},"content":{"rendered":"<p style=\"text-align: left;\">Poziv&nbsp;na 32. sjednicu Upravnog vije\u0107a Doma za starije osobe Glina koja \u0107e se odr\u017eati, 16.11.2023. godine u sjedi\u0161tu Doma za starije osobe Glina, Trg hrvatskih branitelja 2, Glina, s po\u010detkom u 16:30 sati:<\/p>\n<p style=\"text-align: left;\"><span style=\"text-decoration: underline; color: #3366ff;\"><em><a style=\"color: #3366ff; text-decoration: underline;\" href=\"https:\/\/dom-glina.hr\/wp-content\/uploads\/2023\/11\/Poziv-na-32-sjednicu-Upravnog-vijeca.pdf\">Poziv na 32 sjednicu Upravnog vijeca<\/a><\/em><\/span>&nbsp;(pdf)<\/p>\n<p>Obavijest vezana uz 32. sjednicu Upravnog vije\u0107a Doma za starije osobe Glina:<\/p>\n<p><span style=\"text-decoration: underline; color: #3366ff;\"><em><a style=\"color: #3366ff; text-decoration: underline;\" href=\"https:\/\/dom-glina.hr\/wp-content\/uploads\/2023\/11\/Obavijest-vezana-uz-32-sjednicu-Upravnog-vijeca.pdf\">Obavijest vezana uz 32 sjednicu Upravnog vijeca<\/a><\/em><\/span>&nbsp;(pdf)<\/p>\n","protected":false},"excerpt":{"rendered":"<p>Poziv&nbsp;na 32. sjednicu Upravnog vije\u0107a Doma za starije osobe Glina koja \u0107e se odr\u017eati, 16.11.2023. godine u sjedi\u0161tu Doma za starije osobe Glina, Trg hrvatskih branitelja 2, Glina, s po\u010detkom u 16:30 sati: Poziv na 32 sjednicu Upravnog vijeca&nbsp;(pdf) Obavijest vezana uz 32. sjednicu Upravnog vije\u0107a Doma za starije osobe Glina: Obavijest vezana uz 32&hellip;<\/p>\n","protected":false},"author":1,"featured_media":0,"comment_status":"closed","ping_status":"closed","sticky":false,"template":"","format":"standard","meta":{"_monsterinsights_skip_tracking":false,"_monsterinsights_sitenote_active":false,"_monsterinsights_sitenote_note":"","_monsterinsights_sitenote_category":0,"ngg_post_thumbnail":0,"footnotes":""},"categories":[43],"tags":[],"aioseo_notices":[],"_links":{"self":[{"href":"https:\/\/dom-glina.hr\/index.php?rest_route=\/wp\/v2\/posts\/6532"}],"collection":[{"href":"https:\/\/dom-glina.hr\/index.php?rest_route=\/wp\/v2\/posts"}],"about":[{"href":"https:\/\/dom-glina.hr\/index.php?rest_route=\/wp\/v2\/types\/post"}],"author":[{"embeddable":true,"href":"https:\/\/dom-glina.hr\/index.php?rest_route=\/wp\/v2\/users\/1"}],"replies":[{"embeddable":true,"href":"https:\/\/dom-glina.hr\/index.php?rest_route=%2Fwp%2Fv2%2Fcomments&post=6532"}],"version-history":[{"count":5,"href":"https:\/\/dom-glina.hr\/index.php?rest_route=\/wp\/v2\/posts\/6532\/revisions"}],"predecessor-version":[{"id":6551,"href":"https:\/\/dom-glina.hr\/index.php?rest_route=\/wp\/v2\/posts\/6532\/revisions\/6551"}],"wp:attachment":[{"href":"https:\/\/dom-glina.hr\/index.php?rest_route=%2Fwp%2Fv2%2Fmedia&parent=6532"}],"wp:term":[{"taxonomy":"category","embeddable":true,"href":"https:\/\/dom-glina.hr\/index.php?rest_route=%2Fwp%2Fv2%2Fcategories&post=6532"},{"taxonomy":"post_tag","embeddable":true,"href":"https:\/\/dom-glina.hr\/index.php?rest_route=%2Fwp%2Fv2%2Ftags&post=6532"}],"curies":[{"name":"wp","href":"https:\/\/api.w.org\/{rel}","templated":true}]}}