{"id":6526,"date":"2023-11-07T16:37:43","date_gmt":"2023-11-07T15:37:43","guid":{"rendered":"https:\/\/dom-glina.hr\/?p=6526"},"modified":"2023-11-12T16:39:43","modified_gmt":"2023-11-12T15:39:43","slug":"korisnici-doma-vratili-su-se-u-svoju-obnovljenu-zgradu","status":"publish","type":"post","link":"https:\/\/dom-glina.hr\/?p=6526","title":{"rendered":"Korisnici Doma vratili su se u svoju obnovljenu zgradu"},"content":{"rendered":"<p>Na\u0161i korisnici vratili su se u svoju obnovljenu, sigurnu i novoure\u0111enu zgradu \ud83c\udfd8\ud83d\udc75\ud83e\uddd3<br \/>\nSretni i odu\u0161evljeni ka\u017eu da im Dom nikada nije ljep\u0161e izgledao, a posebno ih vesele i neke novosti koje su ih do\u010dekale u njihovom obnovljenom Domu poput vlastitih kupaonica u sobama, velikih prostorija za zajedni\u010dka dru\u017eenja,novi podovi, zidovi i novi namje\u0161taj.<br \/>\nKako korisnicima nije dugo trebalo da se priviknu na svoj novi dom odmah smo se vratili svojim uobi\u010dajenim aktivnostima.<br \/>\nDanas smo sudjelovali na knji\u017eevnom susretu koji je organiziran u suradnji s Knji\u017enicom i \u010ditaonicom Glina \ud83d\udcda.<br \/>\n\u017delimo korisnicima puno zdravlja i ugodan boravak u na\u0161em lijepom domu.\u2764\ufe0f<\/p>\n<p><a href=\"https:\/\/www.facebook.com\/permalink.php?story_fbid=pfbid02QhzLR27iKYR1raMf13eTyjxQX98zGtaT1P6GkNAo2UNJPkMkq6YCqmh1HXmuzPqEl&amp;id=100057456069057\"><span style=\"text-decoration: underline; color: #3366ff;\"><em>https:\/\/www.facebook.com\/permalink.php?story_fbid=pfbid02QhzLR27iKYR1raMf13eTyjxQX98zGtaT1P6GkNAo2UNJPkMkq6YCqmh1HXmuzPqEl&amp;id=100057456069057<\/em><\/span><\/a><\/p>\n<p>&nbsp;<\/p>\n","protected":false},"excerpt":{"rendered":"<p>Na\u0161i korisnici vratili su se u svoju obnovljenu, sigurnu i novoure\u0111enu zgradu \ud83c\udfd8\ud83d\udc75\ud83e\uddd3 Sretni i odu\u0161evljeni ka\u017eu da im Dom nikada nije ljep\u0161e izgledao, a posebno ih vesele i neke novosti koje su ih do\u010dekale u njihovom obnovljenom Domu poput vlastitih kupaonica u sobama, velikih prostorija za zajedni\u010dka dru\u017eenja,novi podovi, zidovi i novi namje\u0161taj. Kako&hellip;<\/p>\n","protected":false},"author":1,"featured_media":6527,"comment_status":"closed","ping_status":"closed","sticky":false,"template":"","format":"standard","meta":{"_monsterinsights_skip_tracking":false,"_monsterinsights_sitenote_active":false,"_monsterinsights_sitenote_note":"","_monsterinsights_sitenote_category":0,"ngg_post_thumbnail":0,"footnotes":""},"categories":[2],"tags":[],"aioseo_notices":[],"_links":{"self":[{"href":"https:\/\/dom-glina.hr\/index.php?rest_route=\/wp\/v2\/posts\/6526"}],"collection":[{"href":"https:\/\/dom-glina.hr\/index.php?rest_route=\/wp\/v2\/posts"}],"about":[{"href":"https:\/\/dom-glina.hr\/index.php?rest_route=\/wp\/v2\/types\/post"}],"author":[{"embeddable":true,"href":"https:\/\/dom-glina.hr\/index.php?rest_route=\/wp\/v2\/users\/1"}],"replies":[{"embeddable":true,"href":"https:\/\/dom-glina.hr\/index.php?rest_route=%2Fwp%2Fv2%2Fcomments&post=6526"}],"version-history":[{"count":1,"href":"https:\/\/dom-glina.hr\/index.php?rest_route=\/wp\/v2\/posts\/6526\/revisions"}],"predecessor-version":[{"id":6528,"href":"https:\/\/dom-glina.hr\/index.php?rest_route=\/wp\/v2\/posts\/6526\/revisions\/6528"}],"wp:featuredmedia":[{"embeddable":true,"href":"https:\/\/dom-glina.hr\/index.php?rest_route=\/wp\/v2\/media\/6527"}],"wp:attachment":[{"href":"https:\/\/dom-glina.hr\/index.php?rest_route=%2Fwp%2Fv2%2Fmedia&parent=6526"}],"wp:term":[{"taxonomy":"category","embeddable":true,"href":"https:\/\/dom-glina.hr\/index.php?rest_route=%2Fwp%2Fv2%2Fcategories&post=6526"},{"taxonomy":"post_tag","embeddable":true,"href":"https:\/\/dom-glina.hr\/index.php?rest_route=%2Fwp%2Fv2%2Ftags&post=6526"}],"curies":[{"name":"wp","href":"https:\/\/api.w.org\/{rel}","templated":true}]}}