{"id":6522,"date":"2023-11-02T16:33:33","date_gmt":"2023-11-02T15:33:33","guid":{"rendered":"https:\/\/dom-glina.hr\/?p=6522"},"modified":"2023-11-12T16:36:34","modified_gmt":"2023-11-12T15:36:34","slug":"%f0%9d%90%92%f0%9d%90%95%f0%9d%90%84%f0%9d%90%82%f0%9d%90%80%f0%9d%90%8d%f0%9d%90%8e-%f0%9d%90%8e%f0%9d%90%93%f0%9d%90%95%f0%9d%90%8e%f0%9d%90%91%f0%9d%90%84%f0%9d%90%8d%f0%9d%90%80-%f0%9d%90%8e","status":"publish","type":"post","link":"https:\/\/dom-glina.hr\/?p=6522","title":{"rendered":"Sve\u010dano otvorena obnovljena zgrada Dom za starije osobe Glina"},"content":{"rendered":"<div dir=\"auto\">Rezanjem vrpce danas je sve\u010dano otvorena obnovljena zgrada Dom za starije osobe Glina!<\/div>\n<div dir=\"auto\">Obnova je po\u010dela u travnju pro\u0161le godine i bila je jedna od prvih zgrada javne namjene koja se po\u010dela obnavljati.<\/div>\n<div dir=\"auto\">U sve\u010danom dijelu programa vrpcu je prerezao \u017eupan Ivan Celjak u dru\u0161tvu ravnateljice Doma za starije osobe Glina Renate Tominovi\u0107- Cekovi\u0107, potpredsjednika Vlade i ministra prostornoga ure\u0111enja, graditeljstva i dr\u017eavne imovine Branka Ba\u010di\u0107a, dr\u017eavnih tajnika Margareta Ma\u0111eri\u0107 i Domagoj Orli\u0107 i drugih gostiju \u010dime je ozna\u010den novi po\u010detak.<\/div>\n<div dir=\"auto\">Pjeva\u010dki zbor umirovljenika &#8221; Novi \u017eivot&#8221; pjesmom je do\u010dekao uzvanike na samom ulasku u Dom u pratnji tambura\u0161a, djevoj\u010dica Hana Lon\u010dari\u0107 Memeti iz Osnovne \u0161kole Glina otpjevala je himnu uz pratnju profesora Marija O\u017eakovi\u0107a. Hvala glinskim ma\u017euretkinjama koje su se odazvale i uljep\u0161ale otvorenje Doma. Veliko hvala svim na\u0161im dragim djelatnicima koji su napravili puno posla ovih dana.<\/div>\n<div dir=\"auto\">Obnova Doma je bila opse\u017ena i zahtjevna ali uspje\u0161no privedena svome kraju zahvaljuju\u0107i velikoj pomo\u0107i Sisa\u010dko moslava\u010dke \u017eupanije i \u017eupana Ivana Celjaka , Vladi Republike Hrvatske koja je usmjerila financijska sredstva prema Domu u Glini te Ministarstva rada, mirovinskog sustava, obitelji i socijalne politike koji su nam velika podr\u0161ka od dana potresa pa nadalje.<\/div>\n<div dir=\"auto\">Sutra je dan kada idemo vratiti na\u0161e korisnike i djelatnike svojoj ku\u0107i te \u017eeljno i\u0161\u010dekujemo upoznati na\u0161e nove budu\u0107e korisnike.<\/div>\n<div dir=\"auto\">Veliko hvala svima i vidimo se u Domu za starije osobe Glina.<span class=\"x3nfvp2 x1j61x8r x1fcty0u xdj266r xhhsvwb xat24cr xgzva0m xxymvpz xlup9mm x1kky2od\"><img loading=\"lazy\" decoding=\"async\" class=\"xz74otr\" src=\"https:\/\/static.xx.fbcdn.net\/images\/emoji.php\/v9\/t97\/1\/16\/1fa75.png\" alt=\"\ud83e\ude75\" width=\"16\" height=\"16\"><\/span><span class=\"x3nfvp2 x1j61x8r x1fcty0u xdj266r xhhsvwb xat24cr xgzva0m xxymvpz xlup9mm x1kky2od\"><img loading=\"lazy\" decoding=\"async\" class=\"xz74otr\" src=\"https:\/\/static.xx.fbcdn.net\/images\/emoji.php\/v9\/tfe\/1\/16\/1f44f.png\" alt=\"\ud83d\udc4f\" width=\"16\" height=\"16\"><\/span><span class=\"x3nfvp2 x1j61x8r x1fcty0u xdj266r xhhsvwb xat24cr xgzva0m xxymvpz xlup9mm x1kky2od\"><img loading=\"lazy\" decoding=\"async\" class=\"xz74otr\" src=\"https:\/\/static.xx.fbcdn.net\/images\/emoji.php\/v9\/tfe\/1\/16\/1f44f.png\" alt=\"\ud83d\udc4f\" width=\"16\" height=\"16\"><\/span><span class=\"x3nfvp2 x1j61x8r x1fcty0u xdj266r xhhsvwb xat24cr xgzva0m xxymvpz xlup9mm x1kky2od\"><img loading=\"lazy\" decoding=\"async\" class=\"xz74otr\" src=\"https:\/\/static.xx.fbcdn.net\/images\/emoji.php\/v9\/t97\/1\/16\/1fa75.png\" alt=\"\ud83e\ude75\" width=\"16\" height=\"16\"><\/span><\/div>\n<div dir=\"auto\">&nbsp;<\/div>\n<div dir=\"auto\"><a href=\"https:\/\/www.facebook.com\/permalink.php?story_fbid=pfbid0347fcbRSEEpgnihKXef9XYwNtPJDiKtoJYRtFYmSUG949CiQqWUjDVKa7ozSn2W4Yl&amp;id=100057456069057\"><span style=\"text-decoration: underline; color: #3366ff;\"><em>https:\/\/www.facebook.com\/permalink.php?story_fbid=pfbid0347fcbRSEEpgnihKXef9XYwNtPJDiKtoJYRtFYmSUG949CiQqWUjDVKa7ozSn2W4Yl&amp;id=100057456069057<\/em><\/span><\/a><\/div>\n","protected":false},"excerpt":{"rendered":"<p>Rezanjem vrpce danas je sve\u010dano otvorena obnovljena zgrada Dom za starije osobe Glina! Obnova je po\u010dela u travnju pro\u0161le godine i bila je jedna od prvih zgrada javne namjene koja se po\u010dela obnavljati. U sve\u010danom dijelu programa vrpcu je prerezao \u017eupan Ivan Celjak u dru\u0161tvu ravnateljice Doma za starije osobe Glina Renate Tominovi\u0107- Cekovi\u0107, potpredsjednika&hellip;<\/p>\n","protected":false},"author":1,"featured_media":6523,"comment_status":"closed","ping_status":"closed","sticky":false,"template":"","format":"standard","meta":{"_monsterinsights_skip_tracking":false,"_monsterinsights_sitenote_active":false,"_monsterinsights_sitenote_note":"","_monsterinsights_sitenote_category":0,"ngg_post_thumbnail":0,"footnotes":""},"categories":[2],"tags":[],"aioseo_notices":[],"_links":{"self":[{"href":"https:\/\/dom-glina.hr\/index.php?rest_route=\/wp\/v2\/posts\/6522"}],"collection":[{"href":"https:\/\/dom-glina.hr\/index.php?rest_route=\/wp\/v2\/posts"}],"about":[{"href":"https:\/\/dom-glina.hr\/index.php?rest_route=\/wp\/v2\/types\/post"}],"author":[{"embeddable":true,"href":"https:\/\/dom-glina.hr\/index.php?rest_route=\/wp\/v2\/users\/1"}],"replies":[{"embeddable":true,"href":"https:\/\/dom-glina.hr\/index.php?rest_route=%2Fwp%2Fv2%2Fcomments&post=6522"}],"version-history":[{"count":2,"href":"https:\/\/dom-glina.hr\/index.php?rest_route=\/wp\/v2\/posts\/6522\/revisions"}],"predecessor-version":[{"id":6525,"href":"https:\/\/dom-glina.hr\/index.php?rest_route=\/wp\/v2\/posts\/6522\/revisions\/6525"}],"wp:featuredmedia":[{"embeddable":true,"href":"https:\/\/dom-glina.hr\/index.php?rest_route=\/wp\/v2\/media\/6523"}],"wp:attachment":[{"href":"https:\/\/dom-glina.hr\/index.php?rest_route=%2Fwp%2Fv2%2Fmedia&parent=6522"}],"wp:term":[{"taxonomy":"category","embeddable":true,"href":"https:\/\/dom-glina.hr\/index.php?rest_route=%2Fwp%2Fv2%2Fcategories&post=6522"},{"taxonomy":"post_tag","embeddable":true,"href":"https:\/\/dom-glina.hr\/index.php?rest_route=%2Fwp%2Fv2%2Ftags&post=6522"}],"curies":[{"name":"wp","href":"https:\/\/api.w.org\/{rel}","templated":true}]}}