{"id":6519,"date":"2023-10-27T16:31:48","date_gmt":"2023-10-27T14:31:48","guid":{"rendered":"https:\/\/dom-glina.hr\/?p=6519"},"modified":"2023-11-12T16:33:16","modified_gmt":"2023-11-12T15:33:16","slug":"voloterski-klub-srednje-skole-glina-pomaze-domu-za-starije","status":"publish","type":"post","link":"https:\/\/dom-glina.hr\/?p=6519","title":{"rendered":"VOLOTERSKI KLUB SREDNJE \u0160KOLE GLINA POMA\u017dE DOMU ZA STARIJE"},"content":{"rendered":"<div dir=\"auto\">Odvojile su svoje slobodno vrijeme nakon nastave te kao volonterke volonterskog kluba Srednje \u0161kole Glina Manus Aperta u\u010dinile dobro djelo kako bi pomogle djelatnicima u \u010di\u0161\u0107enju Doma za starije osobe Glina.<\/div>\n<div dir=\"auto\">Svaka \u010dast cure i jedno veliko HVALA! <span class=\"x3nfvp2 x1j61x8r x1fcty0u xdj266r xhhsvwb xat24cr xgzva0m xxymvpz xlup9mm x1kky2od\"><img loading=\"lazy\" decoding=\"async\" class=\"xz74otr\" src=\"https:\/\/static.xx.fbcdn.net\/images\/emoji.php\/v9\/t6c\/1\/16\/2764.png\" alt=\"\u2764\ufe0f\" width=\"16\" height=\"16\"><\/span><span class=\"x3nfvp2 x1j61x8r x1fcty0u xdj266r xhhsvwb xat24cr xgzva0m xxymvpz xlup9mm x1kky2od\"><img loading=\"lazy\" decoding=\"async\" class=\"xz74otr\" src=\"https:\/\/static.xx.fbcdn.net\/images\/emoji.php\/v9\/t49\/1\/16\/1faf6.png\" alt=\"\ud83e\udef6\" width=\"16\" height=\"16\"><\/span><span class=\"x3nfvp2 x1j61x8r x1fcty0u xdj266r xhhsvwb xat24cr xgzva0m xxymvpz xlup9mm x1kky2od\"><img loading=\"lazy\" decoding=\"async\" class=\"xz74otr\" src=\"https:\/\/static.xx.fbcdn.net\/images\/emoji.php\/v9\/t80\/1\/16\/1f64f.png\" alt=\"\ud83d\ude4f\" width=\"16\" height=\"16\"><\/span><\/div>\n<div dir=\"auto\">&nbsp;<\/div>\n<div dir=\"auto\"><a href=\"https:\/\/www.facebook.com\/permalink.php?story_fbid=pfbid0VrTj68hvz5uNZ4LVWzuDhrePSfAJhaNbKeCKdykhrTuWgrniiFJuUJJ8Be7hRb4Zl&amp;id=100057456069057\"><span style=\"text-decoration: underline; color: #3366ff;\"><em>https:\/\/www.facebook.com\/permalink.php?story_fbid=pfbid0VrTj68hvz5uNZ4LVWzuDhrePSfAJhaNbKeCKdykhrTuWgrniiFJuUJJ8Be7hRb4Zl&amp;id=100057456069057<\/em><\/span><\/a><\/div>\n","protected":false},"excerpt":{"rendered":"<p>Odvojile su svoje slobodno vrijeme nakon nastave te kao volonterke volonterskog kluba Srednje \u0161kole Glina Manus Aperta u\u010dinile dobro djelo kako bi pomogle djelatnicima u \u010di\u0161\u0107enju Doma za starije osobe Glina. Svaka \u010dast cure i jedno veliko HVALA! &nbsp; https:\/\/www.facebook.com\/permalink.php?story_fbid=pfbid0VrTj68hvz5uNZ4LVWzuDhrePSfAJhaNbKeCKdykhrTuWgrniiFJuUJJ8Be7hRb4Zl&amp;id=100057456069057<\/p>\n","protected":false},"author":1,"featured_media":6520,"comment_status":"closed","ping_status":"closed","sticky":false,"template":"","format":"standard","meta":{"_monsterinsights_skip_tracking":false,"_monsterinsights_sitenote_active":false,"_monsterinsights_sitenote_note":"","_monsterinsights_sitenote_category":0,"ngg_post_thumbnail":0,"footnotes":""},"categories":[2],"tags":[],"aioseo_notices":[],"_links":{"self":[{"href":"https:\/\/dom-glina.hr\/index.php?rest_route=\/wp\/v2\/posts\/6519"}],"collection":[{"href":"https:\/\/dom-glina.hr\/index.php?rest_route=\/wp\/v2\/posts"}],"about":[{"href":"https:\/\/dom-glina.hr\/index.php?rest_route=\/wp\/v2\/types\/post"}],"author":[{"embeddable":true,"href":"https:\/\/dom-glina.hr\/index.php?rest_route=\/wp\/v2\/users\/1"}],"replies":[{"embeddable":true,"href":"https:\/\/dom-glina.hr\/index.php?rest_route=%2Fwp%2Fv2%2Fcomments&post=6519"}],"version-history":[{"count":1,"href":"https:\/\/dom-glina.hr\/index.php?rest_route=\/wp\/v2\/posts\/6519\/revisions"}],"predecessor-version":[{"id":6521,"href":"https:\/\/dom-glina.hr\/index.php?rest_route=\/wp\/v2\/posts\/6519\/revisions\/6521"}],"wp:featuredmedia":[{"embeddable":true,"href":"https:\/\/dom-glina.hr\/index.php?rest_route=\/wp\/v2\/media\/6520"}],"wp:attachment":[{"href":"https:\/\/dom-glina.hr\/index.php?rest_route=%2Fwp%2Fv2%2Fmedia&parent=6519"}],"wp:term":[{"taxonomy":"category","embeddable":true,"href":"https:\/\/dom-glina.hr\/index.php?rest_route=%2Fwp%2Fv2%2Fcategories&post=6519"},{"taxonomy":"post_tag","embeddable":true,"href":"https:\/\/dom-glina.hr\/index.php?rest_route=%2Fwp%2Fv2%2Ftags&post=6519"}],"curies":[{"name":"wp","href":"https:\/\/api.w.org\/{rel}","templated":true}]}}