{"id":6509,"date":"2023-10-13T16:25:52","date_gmt":"2023-10-13T14:25:52","guid":{"rendered":"https:\/\/dom-glina.hr\/?p=6509"},"modified":"2023-11-12T16:27:14","modified_gmt":"2023-11-12T15:27:14","slug":"dani-kruha-u-topuskom-2","status":"publish","type":"post","link":"https:\/\/dom-glina.hr\/?p=6509","title":{"rendered":"DANI KRUHA U TOPUSKOM"},"content":{"rendered":"<div dir=\"auto\">U petak, 13. listopada 2023. godine sudjelovali smo na tradicionalnoj manifestaciji \u201eDani kruha u Topuskom&#8221; koja se odr\u017eala u Top-Termama Topusko.<\/div>\n<div dir=\"auto\">Pripremili smo \u0161tand na kojem smo izlo\u017eili peciva , razne kola\u010de i slastice te rukotvorine na\u0161ih korisnika. <span class=\"x3nfvp2 x1j61x8r x1fcty0u xdj266r xhhsvwb xat24cr xgzva0m xxymvpz xlup9mm x1kky2od\"><img loading=\"lazy\" decoding=\"async\" class=\"xz74otr\" src=\"https:\/\/static.xx.fbcdn.net\/images\/emoji.php\/v9\/t4e\/1\/16\/1f369.png\" alt=\"\ud83c\udf69\" width=\"16\" height=\"16\"><\/span><span class=\"x3nfvp2 x1j61x8r x1fcty0u xdj266r xhhsvwb xat24cr xgzva0m xxymvpz xlup9mm x1kky2od\"><img loading=\"lazy\" decoding=\"async\" class=\"xz74otr\" src=\"https:\/\/static.xx.fbcdn.net\/images\/emoji.php\/v9\/t76\/1\/16\/1f36a.png\" alt=\"\ud83c\udf6a\" width=\"16\" height=\"16\"><\/span><span class=\"x3nfvp2 x1j61x8r x1fcty0u xdj266r xhhsvwb xat24cr xgzva0m xxymvpz xlup9mm x1kky2od\"><img loading=\"lazy\" decoding=\"async\" class=\"xz74otr\" src=\"https:\/\/static.xx.fbcdn.net\/images\/emoji.php\/v9\/t64\/1\/16\/1f370.png\" alt=\"\ud83c\udf70\" width=\"16\" height=\"16\"><\/span><\/div>\n<div dir=\"auto\">Pridru\u017eili su nam se i na\u0161i korisnici te smo se svi lijepo po\u010dastili i u dobrom dru\u0161tvu obilje\u017eili Dan kruha!<\/div>\n<div dir=\"auto\">&nbsp;<\/div>\n<div dir=\"auto\"><a href=\"https:\/\/www.facebook.com\/permalink.php?story_fbid=pfbid02EhRmzQJhGWVqsbJMA9rsmc9Pf2gb4Ra7SzwVSy88g3Bh5eKhsaXAVFPMisz2sYrzl&amp;id=100057456069057\"><span style=\"text-decoration: underline; color: #3366ff;\"><em>https:\/\/www.facebook.com\/permalink.php?story_fbid=pfbid02EhRmzQJhGWVqsbJMA9rsmc9Pf2gb4Ra7SzwVSy88g3Bh5eKhsaXAVFPMisz2sYrzl&amp;id=100057456069057<\/em><\/span><\/a><\/div>\n","protected":false},"excerpt":{"rendered":"<p>U petak, 13. listopada 2023. godine sudjelovali smo na tradicionalnoj manifestaciji \u201eDani kruha u Topuskom&#8221; koja se odr\u017eala u Top-Termama Topusko. Pripremili smo \u0161tand na kojem smo izlo\u017eili peciva , razne kola\u010de i slastice te rukotvorine na\u0161ih korisnika. Pridru\u017eili su nam se i na\u0161i korisnici te smo se svi lijepo po\u010dastili i u dobrom dru\u0161tvu&hellip;<\/p>\n","protected":false},"author":1,"featured_media":6510,"comment_status":"closed","ping_status":"closed","sticky":false,"template":"","format":"standard","meta":{"_monsterinsights_skip_tracking":false,"_monsterinsights_sitenote_active":false,"_monsterinsights_sitenote_note":"","_monsterinsights_sitenote_category":0,"ngg_post_thumbnail":0,"footnotes":""},"categories":[2],"tags":[],"aioseo_notices":[],"_links":{"self":[{"href":"https:\/\/dom-glina.hr\/index.php?rest_route=\/wp\/v2\/posts\/6509"}],"collection":[{"href":"https:\/\/dom-glina.hr\/index.php?rest_route=\/wp\/v2\/posts"}],"about":[{"href":"https:\/\/dom-glina.hr\/index.php?rest_route=\/wp\/v2\/types\/post"}],"author":[{"embeddable":true,"href":"https:\/\/dom-glina.hr\/index.php?rest_route=\/wp\/v2\/users\/1"}],"replies":[{"embeddable":true,"href":"https:\/\/dom-glina.hr\/index.php?rest_route=%2Fwp%2Fv2%2Fcomments&post=6509"}],"version-history":[{"count":1,"href":"https:\/\/dom-glina.hr\/index.php?rest_route=\/wp\/v2\/posts\/6509\/revisions"}],"predecessor-version":[{"id":6511,"href":"https:\/\/dom-glina.hr\/index.php?rest_route=\/wp\/v2\/posts\/6509\/revisions\/6511"}],"wp:featuredmedia":[{"embeddable":true,"href":"https:\/\/dom-glina.hr\/index.php?rest_route=\/wp\/v2\/media\/6510"}],"wp:attachment":[{"href":"https:\/\/dom-glina.hr\/index.php?rest_route=%2Fwp%2Fv2%2Fmedia&parent=6509"}],"wp:term":[{"taxonomy":"category","embeddable":true,"href":"https:\/\/dom-glina.hr\/index.php?rest_route=%2Fwp%2Fv2%2Fcategories&post=6509"},{"taxonomy":"post_tag","embeddable":true,"href":"https:\/\/dom-glina.hr\/index.php?rest_route=%2Fwp%2Fv2%2Ftags&post=6509"}],"curies":[{"name":"wp","href":"https:\/\/api.w.org\/{rel}","templated":true}]}}