{"id":6502,"date":"2023-10-01T16:22:35","date_gmt":"2023-10-01T14:22:35","guid":{"rendered":"https:\/\/dom-glina.hr\/?p=6502"},"modified":"2023-11-12T16:23:38","modified_gmt":"2023-11-12T15:23:38","slug":"1-10-medunarodni-dan-starijih-osoba","status":"publish","type":"post","link":"https:\/\/dom-glina.hr\/?p=6502","title":{"rendered":"1.10. ME\u0110UNARODNI DAN STARIJIH OSOBA"},"content":{"rendered":"<p>Povodom Me\u0111unarodnog dana starijih osoba Sisa\u010dko-moslava\u010dki \u017eupan Ivan Celjak sa suradnicima se nakon dana\u0161njeg obilaska Doma za starije u Glini, Doma zdravlja i naselja &#8221; Banovi dvori&#8221; kao jedinstvenog projekta u Hrvatskoj koji \u0107e postati depadansa za umirovljenike , susreo s na\u0161im korisnicima Doma za starije osobe Glina , a \u010diji je Dom pred samim zavr\u0161etkom radova sanacije i pobolj\u0161anja kapaciteta i ponude.<br \/>\n\u017dupan je uputio iskrenu i toplu \u010destitku korisnicima zlatne dobi za Me\u0111unarodni dan starijih osoba ali i upoznao korisnike s brojnim projektima koje \u017dupanija provodi kako bi im omogu\u0107ila dostojanstven i ugodan \u017eivot. Na kraju je prigodno podijelio slatki\u0161e kojima su se jednako razveselili i stari i mladi..\ud83c\udf6c\ud83c\udf69\ud83c\udf6b<br \/>\nKorisnike Doma za starije osobe Glina i Petrinja obradovala su i djeca Dje\u010djeg vrti\u0107a Topusko, koja su izradila i donijela predivne \u010destitke za njihov dan te veselo zapjevala. Zahvaljujemo se od srca djeci i tetama na \u010delu s njihovom ravnateljicom Andrejom Kuzmi\u0107 na ovako lijepom iznena\u0111enju.\u2764\ufe0f\ud83d\udc4f\ud83d\udc4f<\/p>\n<p><a href=\"https:\/\/www.facebook.com\/permalink.php?story_fbid=pfbid0mCdetqupHZT3MZMShgrscY3U8Xx7tbP3EReG1mDcVjmjP31qAV2WiQKUq9V8YEShl&amp;id=100057456069057\"><span style=\"text-decoration: underline; color: #3366ff;\"><em>https:\/\/www.facebook.com\/permalink.php?story_fbid=pfbid0mCdetqupHZT3MZMShgrscY3U8Xx7tbP3EReG1mDcVjmjP31qAV2WiQKUq9V8YEShl&amp;id=100057456069057<\/em><\/span><\/a><\/p>\n","protected":false},"excerpt":{"rendered":"<p>Povodom Me\u0111unarodnog dana starijih osoba Sisa\u010dko-moslava\u010dki \u017eupan Ivan Celjak sa suradnicima se nakon dana\u0161njeg obilaska Doma za starije u Glini, Doma zdravlja i naselja &#8221; Banovi dvori&#8221; kao jedinstvenog projekta u Hrvatskoj koji \u0107e postati depadansa za umirovljenike , susreo s na\u0161im korisnicima Doma za starije osobe Glina , a \u010diji je Dom pred samim&hellip;<\/p>\n","protected":false},"author":1,"featured_media":6503,"comment_status":"closed","ping_status":"closed","sticky":false,"template":"","format":"standard","meta":{"_monsterinsights_skip_tracking":false,"_monsterinsights_sitenote_active":false,"_monsterinsights_sitenote_note":"","_monsterinsights_sitenote_category":0,"ngg_post_thumbnail":0,"footnotes":""},"categories":[2],"tags":[],"aioseo_notices":[],"_links":{"self":[{"href":"https:\/\/dom-glina.hr\/index.php?rest_route=\/wp\/v2\/posts\/6502"}],"collection":[{"href":"https:\/\/dom-glina.hr\/index.php?rest_route=\/wp\/v2\/posts"}],"about":[{"href":"https:\/\/dom-glina.hr\/index.php?rest_route=\/wp\/v2\/types\/post"}],"author":[{"embeddable":true,"href":"https:\/\/dom-glina.hr\/index.php?rest_route=\/wp\/v2\/users\/1"}],"replies":[{"embeddable":true,"href":"https:\/\/dom-glina.hr\/index.php?rest_route=%2Fwp%2Fv2%2Fcomments&post=6502"}],"version-history":[{"count":1,"href":"https:\/\/dom-glina.hr\/index.php?rest_route=\/wp\/v2\/posts\/6502\/revisions"}],"predecessor-version":[{"id":6504,"href":"https:\/\/dom-glina.hr\/index.php?rest_route=\/wp\/v2\/posts\/6502\/revisions\/6504"}],"wp:featuredmedia":[{"embeddable":true,"href":"https:\/\/dom-glina.hr\/index.php?rest_route=\/wp\/v2\/media\/6503"}],"wp:attachment":[{"href":"https:\/\/dom-glina.hr\/index.php?rest_route=%2Fwp%2Fv2%2Fmedia&parent=6502"}],"wp:term":[{"taxonomy":"category","embeddable":true,"href":"https:\/\/dom-glina.hr\/index.php?rest_route=%2Fwp%2Fv2%2Fcategories&post=6502"},{"taxonomy":"post_tag","embeddable":true,"href":"https:\/\/dom-glina.hr\/index.php?rest_route=%2Fwp%2Fv2%2Ftags&post=6502"}],"curies":[{"name":"wp","href":"https:\/\/api.w.org\/{rel}","templated":true}]}}