{"id":6444,"date":"2023-10-09T14:21:48","date_gmt":"2023-10-09T12:21:48","guid":{"rendered":"https:\/\/dom-glina.hr\/?p=6444"},"modified":"2023-10-13T12:52:40","modified_gmt":"2023-10-13T10:52:40","slug":"poziv-na-30-sjednicu-upravnog-vijeca","status":"publish","type":"post","link":"https:\/\/dom-glina.hr\/?p=6444","title":{"rendered":"30. sjednica Upravnog vije\u0107a"},"content":{"rendered":"<p style=\"text-align: left;\">Na temelju \u010dlanka 21. Statuta Doma za starije osobe Glina KLASA: 550-01\/23-01\/02, URBROJ: 2176-143-23-22 od 07.06.2023. godine i \u010dlanka 3. stavak 3. Poslovnika o radu Upravnog vije\u0107a Doma za starije osobe Glina od 6. rujna 2017. godine<\/p>\n<p style=\"text-align: right;\">\u010cLANOVI UPRAVNOG VIJE\u0106A<br \/>\n&#8211; SVIMA \u2013<\/p>\n<p style=\"text-align: center;\"><strong>P O Z I V<\/strong><\/p>\n<p style=\"text-align: center;\">na 30. sjednicu elektronskim putem \u2013 e-mailom<br \/>\nUpravnog vije\u0107a Doma za starije osobe Glina koja \u0107e se odr\u017eati,<br \/>\n10.10.2023. godine u sjedi\u0161tu Doma za starije osobe Glina,<br \/>\nTrg hrvatskih branitelja 2, Glina, s po\u010detkom u 09:00 sati<\/p>\n<p style=\"text-align: left;\">D N E V N I R E D<\/p>\n<p style=\"text-align: left;\">1. Usvajanje Zapisnika sa 29. sjednice Upravnog vije\u0107a Doma za starije osobe Glina odr\u017eane dana 20.09.2023. godine<br \/>\n2. Prijedlog Odluke o prihva\u0107anju financijskog plana Doma za starije osobe Glina za 2024. godinu<br \/>\n3. Prijedlog Odluke o prihva\u0107anju V. izmjena i dopuna Plana nabave za Dom za starije osobe Glina<\/p>\n<p><span style=\"text-decoration: underline; color: #3366ff;\"><em><a style=\"color: #3366ff; text-decoration: underline;\" href=\"https:\/\/dom-glina.hr\/wp-content\/uploads\/2023\/10\/Poziv-na-30-sjednicu-UV-a.pdf\">Poziv na 30 sjednicu UV-a<\/a><\/em><\/span>&nbsp;(pdf)<\/p>\n<p>&nbsp;<\/p>\n<p><strong>Obavijest vezana uz 30. sjednicu elektronskim putem ( e-mailom) Upravnog vije\u0107a Doma za starije osobe Glina<\/strong><\/p>\n<p><span style=\"text-decoration: underline; color: #3366ff;\"><em><a style=\"color: #3366ff; text-decoration: underline;\" href=\"https:\/\/dom-glina.hr\/wp-content\/uploads\/2023\/10\/Obavijest-vezana-uz-30-sjednicu-Upravnog-vijeca.pdf\">Obavijest vezana uz 30 sjednicu Upravnog vijeca<\/a><\/em><\/span>&nbsp;(pdf)<\/p>\n","protected":false},"excerpt":{"rendered":"<p>Na temelju \u010dlanka 21. Statuta Doma za starije osobe Glina KLASA: 550-01\/23-01\/02, URBROJ: 2176-143-23-22 od 07.06.2023. godine i \u010dlanka 3. stavak 3. Poslovnika o radu Upravnog vije\u0107a Doma za starije osobe Glina od 6. rujna 2017. godine \u010cLANOVI UPRAVNOG VIJE\u0106A &#8211; SVIMA \u2013 P O Z I V na 30. sjednicu elektronskim putem \u2013 e-mailom&hellip;<\/p>\n","protected":false},"author":1,"featured_media":0,"comment_status":"closed","ping_status":"closed","sticky":false,"template":"","format":"standard","meta":{"_monsterinsights_skip_tracking":false,"_monsterinsights_sitenote_active":false,"_monsterinsights_sitenote_note":"","_monsterinsights_sitenote_category":0,"ngg_post_thumbnail":0,"footnotes":""},"categories":[43],"tags":[],"aioseo_notices":[],"_links":{"self":[{"href":"https:\/\/dom-glina.hr\/index.php?rest_route=\/wp\/v2\/posts\/6444"}],"collection":[{"href":"https:\/\/dom-glina.hr\/index.php?rest_route=\/wp\/v2\/posts"}],"about":[{"href":"https:\/\/dom-glina.hr\/index.php?rest_route=\/wp\/v2\/types\/post"}],"author":[{"embeddable":true,"href":"https:\/\/dom-glina.hr\/index.php?rest_route=\/wp\/v2\/users\/1"}],"replies":[{"embeddable":true,"href":"https:\/\/dom-glina.hr\/index.php?rest_route=%2Fwp%2Fv2%2Fcomments&post=6444"}],"version-history":[{"count":4,"href":"https:\/\/dom-glina.hr\/index.php?rest_route=\/wp\/v2\/posts\/6444\/revisions"}],"predecessor-version":[{"id":6458,"href":"https:\/\/dom-glina.hr\/index.php?rest_route=\/wp\/v2\/posts\/6444\/revisions\/6458"}],"wp:attachment":[{"href":"https:\/\/dom-glina.hr\/index.php?rest_route=%2Fwp%2Fv2%2Fmedia&parent=6444"}],"wp:term":[{"taxonomy":"category","embeddable":true,"href":"https:\/\/dom-glina.hr\/index.php?rest_route=%2Fwp%2Fv2%2Fcategories&post=6444"},{"taxonomy":"post_tag","embeddable":true,"href":"https:\/\/dom-glina.hr\/index.php?rest_route=%2Fwp%2Fv2%2Ftags&post=6444"}],"curies":[{"name":"wp","href":"https:\/\/api.w.org\/{rel}","templated":true}]}}