{"id":6417,"date":"2023-07-28T16:14:42","date_gmt":"2023-07-28T14:14:42","guid":{"rendered":"https:\/\/dom-glina.hr\/?p=6417"},"modified":"2023-08-05T16:16:09","modified_gmt":"2023-08-05T14:16:09","slug":"radna-terapija","status":"publish","type":"post","link":"https:\/\/dom-glina.hr\/?p=6417","title":{"rendered":"RADNA TERAPIJA"},"content":{"rendered":"<p>Radna terapija je usmjerena pobolj\u0161anju kvalitete \u017eivota, pove\u0107anju stupnja samostalnosti i neovisnosti korisnika u domu.<br \/>\nKako bismo proveli radno-terapijsku intervenciju u obzir uzimamo korisnika, njegove ciljeve i \u017eelje.<br \/>\nRadno terapijska intervencija se provodi individualno i kroz brojne grupne aktivnosti koje se organiziraju u domu.<\/p>\n<p><a href=\"https:\/\/www.facebook.com\/permalink.php?story_fbid=pfbid0wVQmMXXJUup8tzsQbh9maEwyyPx5mBibQqpv1JLf2yGXbBkyofFoPabUnJ7UqWwDl&amp;id=100057456069057\"><span style=\"text-decoration: underline; color: #3366ff;\"><em>https:\/\/www.facebook.com\/permalink.php?story_fbid=pfbid0wVQmMXXJUup8tzsQbh9maEwyyPx5mBibQqpv1JLf2yGXbBkyofFoPabUnJ7UqWwDl&amp;id=100057456069057<\/em><\/span><\/a><\/p>\n","protected":false},"excerpt":{"rendered":"<p>Radna terapija je usmjerena pobolj\u0161anju kvalitete \u017eivota, pove\u0107anju stupnja samostalnosti i neovisnosti korisnika u domu. Kako bismo proveli radno-terapijsku intervenciju u obzir uzimamo korisnika, njegove ciljeve i \u017eelje. Radno terapijska intervencija se provodi individualno i kroz brojne grupne aktivnosti koje se organiziraju u domu. https:\/\/www.facebook.com\/permalink.php?story_fbid=pfbid0wVQmMXXJUup8tzsQbh9maEwyyPx5mBibQqpv1JLf2yGXbBkyofFoPabUnJ7UqWwDl&amp;id=100057456069057<\/p>\n","protected":false},"author":1,"featured_media":6418,"comment_status":"closed","ping_status":"closed","sticky":false,"template":"","format":"standard","meta":{"_monsterinsights_skip_tracking":false,"_monsterinsights_sitenote_active":false,"_monsterinsights_sitenote_note":"","_monsterinsights_sitenote_category":0,"ngg_post_thumbnail":0,"footnotes":""},"categories":[2],"tags":[],"aioseo_notices":[],"_links":{"self":[{"href":"https:\/\/dom-glina.hr\/index.php?rest_route=\/wp\/v2\/posts\/6417"}],"collection":[{"href":"https:\/\/dom-glina.hr\/index.php?rest_route=\/wp\/v2\/posts"}],"about":[{"href":"https:\/\/dom-glina.hr\/index.php?rest_route=\/wp\/v2\/types\/post"}],"author":[{"embeddable":true,"href":"https:\/\/dom-glina.hr\/index.php?rest_route=\/wp\/v2\/users\/1"}],"replies":[{"embeddable":true,"href":"https:\/\/dom-glina.hr\/index.php?rest_route=%2Fwp%2Fv2%2Fcomments&post=6417"}],"version-history":[{"count":1,"href":"https:\/\/dom-glina.hr\/index.php?rest_route=\/wp\/v2\/posts\/6417\/revisions"}],"predecessor-version":[{"id":6419,"href":"https:\/\/dom-glina.hr\/index.php?rest_route=\/wp\/v2\/posts\/6417\/revisions\/6419"}],"wp:featuredmedia":[{"embeddable":true,"href":"https:\/\/dom-glina.hr\/index.php?rest_route=\/wp\/v2\/media\/6418"}],"wp:attachment":[{"href":"https:\/\/dom-glina.hr\/index.php?rest_route=%2Fwp%2Fv2%2Fmedia&parent=6417"}],"wp:term":[{"taxonomy":"category","embeddable":true,"href":"https:\/\/dom-glina.hr\/index.php?rest_route=%2Fwp%2Fv2%2Fcategories&post=6417"},{"taxonomy":"post_tag","embeddable":true,"href":"https:\/\/dom-glina.hr\/index.php?rest_route=%2Fwp%2Fv2%2Ftags&post=6417"}],"curies":[{"name":"wp","href":"https:\/\/api.w.org\/{rel}","templated":true}]}}