{"id":6396,"date":"2023-06-28T16:01:26","date_gmt":"2023-06-28T14:01:26","guid":{"rendered":"https:\/\/dom-glina.hr\/?p=6396"},"modified":"2023-08-05T16:02:57","modified_gmt":"2023-08-05T14:02:57","slug":"la-turka-bajram-serif-mubarek-olsun","status":"publish","type":"post","link":"https:\/\/dom-glina.hr\/?p=6396","title":{"rendered":"La Turka &#8211; Bajram \u0160erif Mubarek Olsun!"},"content":{"rendered":"<p>Specijalizirana turska trgovina i slasti\u010darnica &#8220;La Turka&#8221; iz Zagreba donirala je i ove godine baklave na\u0161im korisnicima.<br \/>\nU ime svih na\u0161ih korisnika i djelatnika svim dragim djelatnicima slasti\u010darne, pogotovo gospodinu Badiju Hadadu koji je ovom slatkom donacijom pokazao da misli na nas i da je s nama, neizmjerna hvala.<br \/>\nSvim na\u0161im korisnicima islamske vjeroispovijesti \u017eelimo da Kurban Bajram ispuni srca mirom, slogom, zdravljem i ljubavlju.<br \/>\nOd srca Vam \u010destitamo tradicionalnim rije\u010dima:<br \/>\nBajram \u0160erif Mubarek Olsun!<\/p>\n<p><a href=\"https:\/\/www.facebook.com\/permalink.php?story_fbid=pfbid0tWXkNhn4sU6PWiLxjFR6tYek7Pvirqc1ahn4Zqcyz1Fd7Bf2bA394QDanNY6N13yl&amp;id=100057456069057\"><span style=\"text-decoration: underline; color: #3366ff;\"><em>https:\/\/www.facebook.com\/permalink.php?story_fbid=pfbid0tWXkNhn4sU6PWiLxjFR6tYek7Pvirqc1ahn4Zqcyz1Fd7Bf2bA394QDanNY6N13yl&amp;id=100057456069057<\/em><\/span><\/a><\/p>\n","protected":false},"excerpt":{"rendered":"<p>Specijalizirana turska trgovina i slasti\u010darnica &#8220;La Turka&#8221; iz Zagreba donirala je i ove godine baklave na\u0161im korisnicima. U ime svih na\u0161ih korisnika i djelatnika svim dragim djelatnicima slasti\u010darne, pogotovo gospodinu Badiju Hadadu koji je ovom slatkom donacijom pokazao da misli na nas i da je s nama, neizmjerna hvala. Svim na\u0161im korisnicima islamske vjeroispovijesti \u017eelimo&hellip;<\/p>\n","protected":false},"author":1,"featured_media":6397,"comment_status":"closed","ping_status":"closed","sticky":false,"template":"","format":"standard","meta":{"_monsterinsights_skip_tracking":false,"_monsterinsights_sitenote_active":false,"_monsterinsights_sitenote_note":"","_monsterinsights_sitenote_category":0,"ngg_post_thumbnail":0,"footnotes":""},"categories":[2],"tags":[],"aioseo_notices":[],"_links":{"self":[{"href":"https:\/\/dom-glina.hr\/index.php?rest_route=\/wp\/v2\/posts\/6396"}],"collection":[{"href":"https:\/\/dom-glina.hr\/index.php?rest_route=\/wp\/v2\/posts"}],"about":[{"href":"https:\/\/dom-glina.hr\/index.php?rest_route=\/wp\/v2\/types\/post"}],"author":[{"embeddable":true,"href":"https:\/\/dom-glina.hr\/index.php?rest_route=\/wp\/v2\/users\/1"}],"replies":[{"embeddable":true,"href":"https:\/\/dom-glina.hr\/index.php?rest_route=%2Fwp%2Fv2%2Fcomments&post=6396"}],"version-history":[{"count":1,"href":"https:\/\/dom-glina.hr\/index.php?rest_route=\/wp\/v2\/posts\/6396\/revisions"}],"predecessor-version":[{"id":6398,"href":"https:\/\/dom-glina.hr\/index.php?rest_route=\/wp\/v2\/posts\/6396\/revisions\/6398"}],"wp:featuredmedia":[{"embeddable":true,"href":"https:\/\/dom-glina.hr\/index.php?rest_route=\/wp\/v2\/media\/6397"}],"wp:attachment":[{"href":"https:\/\/dom-glina.hr\/index.php?rest_route=%2Fwp%2Fv2%2Fmedia&parent=6396"}],"wp:term":[{"taxonomy":"category","embeddable":true,"href":"https:\/\/dom-glina.hr\/index.php?rest_route=%2Fwp%2Fv2%2Fcategories&post=6396"},{"taxonomy":"post_tag","embeddable":true,"href":"https:\/\/dom-glina.hr\/index.php?rest_route=%2Fwp%2Fv2%2Ftags&post=6396"}],"curies":[{"name":"wp","href":"https:\/\/api.w.org\/{rel}","templated":true}]}}