{"id":6390,"date":"2023-06-18T15:57:36","date_gmt":"2023-06-18T13:57:36","guid":{"rendered":"https:\/\/dom-glina.hr\/?p=6390"},"modified":"2023-08-05T15:59:15","modified_gmt":"2023-08-05T13:59:15","slug":"dana-opcine-topusko","status":"publish","type":"post","link":"https:\/\/dom-glina.hr\/?p=6390","title":{"rendered":"Dana Op\u0107ine Topusko"},"content":{"rendered":"<p>U nedjelju 18. lipnja 2022. godine korisnici Doma za starije osobe Glina prisustvovali su prigodnom programu povodom Dana Op\u0107ine Topusko i blagdana sv. Vida.<br \/>\nPogledali su nastupe KUD-ova , vrti\u0107a, Kickboxing kluba Glina I DVD-a te koncert grupe Prima bend.<br \/>\nZaista smo u\u017eivali.<\/p>\n<p><a href=\"https:\/\/www.facebook.com\/permalink.php?story_fbid=pfbid028bkVLW6hhhtZDxTLUy9CopxYtLNehedpcSJNPaonR56JMSaSZcsZ3APEeRgN7Kfzl&amp;id=100057456069057\"><span style=\"text-decoration: underline; color: #3366ff;\"><em>https:\/\/www.facebook.com\/permalink.php?story_fbid=pfbid028bkVLW6hhhtZDxTLUy9CopxYtLNehedpcSJNPaonR56JMSaSZcsZ3APEeRgN7Kfzl&amp;id=100057456069057<\/em><\/span><\/a><\/p>\n","protected":false},"excerpt":{"rendered":"<p>U nedjelju 18. lipnja 2022. godine korisnici Doma za starije osobe Glina prisustvovali su prigodnom programu povodom Dana Op\u0107ine Topusko i blagdana sv. Vida. Pogledali su nastupe KUD-ova , vrti\u0107a, Kickboxing kluba Glina I DVD-a te koncert grupe Prima bend. Zaista smo u\u017eivali. https:\/\/www.facebook.com\/permalink.php?story_fbid=pfbid028bkVLW6hhhtZDxTLUy9CopxYtLNehedpcSJNPaonR56JMSaSZcsZ3APEeRgN7Kfzl&amp;id=100057456069057<\/p>\n","protected":false},"author":1,"featured_media":6391,"comment_status":"closed","ping_status":"closed","sticky":false,"template":"","format":"standard","meta":{"_monsterinsights_skip_tracking":false,"_monsterinsights_sitenote_active":false,"_monsterinsights_sitenote_note":"","_monsterinsights_sitenote_category":0,"ngg_post_thumbnail":0,"footnotes":""},"categories":[2],"tags":[],"aioseo_notices":[],"_links":{"self":[{"href":"https:\/\/dom-glina.hr\/index.php?rest_route=\/wp\/v2\/posts\/6390"}],"collection":[{"href":"https:\/\/dom-glina.hr\/index.php?rest_route=\/wp\/v2\/posts"}],"about":[{"href":"https:\/\/dom-glina.hr\/index.php?rest_route=\/wp\/v2\/types\/post"}],"author":[{"embeddable":true,"href":"https:\/\/dom-glina.hr\/index.php?rest_route=\/wp\/v2\/users\/1"}],"replies":[{"embeddable":true,"href":"https:\/\/dom-glina.hr\/index.php?rest_route=%2Fwp%2Fv2%2Fcomments&post=6390"}],"version-history":[{"count":1,"href":"https:\/\/dom-glina.hr\/index.php?rest_route=\/wp\/v2\/posts\/6390\/revisions"}],"predecessor-version":[{"id":6392,"href":"https:\/\/dom-glina.hr\/index.php?rest_route=\/wp\/v2\/posts\/6390\/revisions\/6392"}],"wp:featuredmedia":[{"embeddable":true,"href":"https:\/\/dom-glina.hr\/index.php?rest_route=\/wp\/v2\/media\/6391"}],"wp:attachment":[{"href":"https:\/\/dom-glina.hr\/index.php?rest_route=%2Fwp%2Fv2%2Fmedia&parent=6390"}],"wp:term":[{"taxonomy":"category","embeddable":true,"href":"https:\/\/dom-glina.hr\/index.php?rest_route=%2Fwp%2Fv2%2Fcategories&post=6390"},{"taxonomy":"post_tag","embeddable":true,"href":"https:\/\/dom-glina.hr\/index.php?rest_route=%2Fwp%2Fv2%2Ftags&post=6390"}],"curies":[{"name":"wp","href":"https:\/\/api.w.org\/{rel}","templated":true}]}}