{"id":6387,"date":"2023-06-17T15:55:37","date_gmt":"2023-06-17T13:55:37","guid":{"rendered":"https:\/\/dom-glina.hr\/?p=6387"},"modified":"2023-08-05T15:57:18","modified_gmt":"2023-08-05T13:57:18","slug":"koncert-klape-sveti-mihovil","status":"publish","type":"post","link":"https:\/\/dom-glina.hr\/?p=6387","title":{"rendered":"Koncert klape Sveti Mihovil"},"content":{"rendered":"<p>Dana 17. lipnja 2023.godine povodom obilje\u017eavanja dana op\u0107ine Topusko prisustvovali smo na koncertu klape Sveti Mihovil u hotelu Topusko. Pjevali smo i jednostavno u\u017eivali&#8230;<\/p>\n<p><a href=\"https:\/\/www.facebook.com\/permalink.php?story_fbid=pfbid0sNTZn6ARD5eWJmWSafcqyx4SUPCZNMrbHCkj19yUXfBVLSgc8zJpqRDmQnXBtkugl&amp;id=100057456069057\"><span style=\"text-decoration: underline; color: #3366ff;\"><em>https:\/\/www.facebook.com\/permalink.php?story_fbid=pfbid0sNTZn6ARD5eWJmWSafcqyx4SUPCZNMrbHCkj19yUXfBVLSgc8zJpqRDmQnXBtkugl&amp;id=100057456069057<\/em><\/span><\/a><\/p>\n","protected":false},"excerpt":{"rendered":"<p>Dana 17. lipnja 2023.godine povodom obilje\u017eavanja dana op\u0107ine Topusko prisustvovali smo na koncertu klape Sveti Mihovil u hotelu Topusko. Pjevali smo i jednostavno u\u017eivali&#8230; https:\/\/www.facebook.com\/permalink.php?story_fbid=pfbid0sNTZn6ARD5eWJmWSafcqyx4SUPCZNMrbHCkj19yUXfBVLSgc8zJpqRDmQnXBtkugl&amp;id=100057456069057<\/p>\n","protected":false},"author":1,"featured_media":6388,"comment_status":"closed","ping_status":"closed","sticky":false,"template":"","format":"standard","meta":{"_monsterinsights_skip_tracking":false,"_monsterinsights_sitenote_active":false,"_monsterinsights_sitenote_note":"","_monsterinsights_sitenote_category":0,"ngg_post_thumbnail":0,"footnotes":""},"categories":[2],"tags":[],"aioseo_notices":[],"_links":{"self":[{"href":"https:\/\/dom-glina.hr\/index.php?rest_route=\/wp\/v2\/posts\/6387"}],"collection":[{"href":"https:\/\/dom-glina.hr\/index.php?rest_route=\/wp\/v2\/posts"}],"about":[{"href":"https:\/\/dom-glina.hr\/index.php?rest_route=\/wp\/v2\/types\/post"}],"author":[{"embeddable":true,"href":"https:\/\/dom-glina.hr\/index.php?rest_route=\/wp\/v2\/users\/1"}],"replies":[{"embeddable":true,"href":"https:\/\/dom-glina.hr\/index.php?rest_route=%2Fwp%2Fv2%2Fcomments&post=6387"}],"version-history":[{"count":1,"href":"https:\/\/dom-glina.hr\/index.php?rest_route=\/wp\/v2\/posts\/6387\/revisions"}],"predecessor-version":[{"id":6389,"href":"https:\/\/dom-glina.hr\/index.php?rest_route=\/wp\/v2\/posts\/6387\/revisions\/6389"}],"wp:featuredmedia":[{"embeddable":true,"href":"https:\/\/dom-glina.hr\/index.php?rest_route=\/wp\/v2\/media\/6388"}],"wp:attachment":[{"href":"https:\/\/dom-glina.hr\/index.php?rest_route=%2Fwp%2Fv2%2Fmedia&parent=6387"}],"wp:term":[{"taxonomy":"category","embeddable":true,"href":"https:\/\/dom-glina.hr\/index.php?rest_route=%2Fwp%2Fv2%2Fcategories&post=6387"},{"taxonomy":"post_tag","embeddable":true,"href":"https:\/\/dom-glina.hr\/index.php?rest_route=%2Fwp%2Fv2%2Ftags&post=6387"}],"curies":[{"name":"wp","href":"https:\/\/api.w.org\/{rel}","templated":true}]}}