{"id":6368,"date":"2023-05-21T15:43:25","date_gmt":"2023-05-21T13:43:25","guid":{"rendered":"https:\/\/dom-glina.hr\/?p=6368"},"modified":"2023-08-05T15:45:06","modified_gmt":"2023-08-05T13:45:06","slug":"svjetski-dan-kulturne-raznolikosti","status":"publish","type":"post","link":"https:\/\/dom-glina.hr\/?p=6368","title":{"rendered":"SVJETSKI DAN KULTURNE RAZNOLIKOSTI"},"content":{"rendered":"<p>Danas smo obilje\u017eili Svjetski dan kulturne raznolikosti koji se obilje\u017eava 21. svibnja svake godine na na\u010din da smo govorili o kulturnim raznolikostima Belgije, Francuske i Hrvatske.<br \/>\nZa\u0161to ba\u0161 te zemlje? \ud83e\udd14<br \/>\nZato \u0161to na\u0161i dragi volonteri dolaze upravo iz tih zemalja.\ud83d\ude42<br \/>\nIdeje koje se promi\u010du na ovaj dan su razumijevanje i prihva\u0107anje razli\u010ditih kultura, tolerancija i po\u0161tivanje, s ciljem da u\u010dinimo zajedni\u010dki \u017eivot boljim.<br \/>\nDru\u0161tvo se sastoji od pojedinaca, te su ciljevi obilje\u017eavanja ovog dana upravo podizanje svijesti o me\u0111ukulturalnom, kao i suradnja, otvorenost i spremnost za uva\u017eavanje ljudi stranih kultura a mi smo to danas u\u010dinili.<br \/>\nHvala Maji Turninski i njenim volonterima \u0161to su nam uljep\u0161ali ovaj dan pjesmom, dru\u017eenjem i igrom.<\/p>\n<p><a href=\"https:\/\/www.facebook.com\/permalink.php?story_fbid=pfbid027nMRmJuQx6FipwUKEMf8qdajrmyd8J95EpPdCm27DJ1BooZCrJ8gGTeK8MqTyeVWl&amp;id=100057456069057\"><span style=\"text-decoration: underline; color: #3366ff;\"><em>https:\/\/www.facebook.com\/permalink.php?story_fbid=pfbid027nMRmJuQx6FipwUKEMf8qdajrmyd8J95EpPdCm27DJ1BooZCrJ8gGTeK8MqTyeVWl&amp;id=100057456069057<\/em><\/span><\/a><\/p>\n","protected":false},"excerpt":{"rendered":"<p>Danas smo obilje\u017eili Svjetski dan kulturne raznolikosti koji se obilje\u017eava 21. svibnja svake godine na na\u010din da smo govorili o kulturnim raznolikostima Belgije, Francuske i Hrvatske. Za\u0161to ba\u0161 te zemlje? \ud83e\udd14 Zato \u0161to na\u0161i dragi volonteri dolaze upravo iz tih zemalja.\ud83d\ude42 Ideje koje se promi\u010du na ovaj dan su razumijevanje i prihva\u0107anje razli\u010ditih kultura, tolerancija&hellip;<\/p>\n","protected":false},"author":1,"featured_media":6369,"comment_status":"closed","ping_status":"closed","sticky":false,"template":"","format":"standard","meta":{"_monsterinsights_skip_tracking":false,"_monsterinsights_sitenote_active":false,"_monsterinsights_sitenote_note":"","_monsterinsights_sitenote_category":0,"ngg_post_thumbnail":0,"footnotes":""},"categories":[2],"tags":[],"aioseo_notices":[],"_links":{"self":[{"href":"https:\/\/dom-glina.hr\/index.php?rest_route=\/wp\/v2\/posts\/6368"}],"collection":[{"href":"https:\/\/dom-glina.hr\/index.php?rest_route=\/wp\/v2\/posts"}],"about":[{"href":"https:\/\/dom-glina.hr\/index.php?rest_route=\/wp\/v2\/types\/post"}],"author":[{"embeddable":true,"href":"https:\/\/dom-glina.hr\/index.php?rest_route=\/wp\/v2\/users\/1"}],"replies":[{"embeddable":true,"href":"https:\/\/dom-glina.hr\/index.php?rest_route=%2Fwp%2Fv2%2Fcomments&post=6368"}],"version-history":[{"count":1,"href":"https:\/\/dom-glina.hr\/index.php?rest_route=\/wp\/v2\/posts\/6368\/revisions"}],"predecessor-version":[{"id":6370,"href":"https:\/\/dom-glina.hr\/index.php?rest_route=\/wp\/v2\/posts\/6368\/revisions\/6370"}],"wp:featuredmedia":[{"embeddable":true,"href":"https:\/\/dom-glina.hr\/index.php?rest_route=\/wp\/v2\/media\/6369"}],"wp:attachment":[{"href":"https:\/\/dom-glina.hr\/index.php?rest_route=%2Fwp%2Fv2%2Fmedia&parent=6368"}],"wp:term":[{"taxonomy":"category","embeddable":true,"href":"https:\/\/dom-glina.hr\/index.php?rest_route=%2Fwp%2Fv2%2Fcategories&post=6368"},{"taxonomy":"post_tag","embeddable":true,"href":"https:\/\/dom-glina.hr\/index.php?rest_route=%2Fwp%2Fv2%2Ftags&post=6368"}],"curies":[{"name":"wp","href":"https:\/\/api.w.org\/{rel}","templated":true}]}}