{"id":6359,"date":"2023-05-09T15:37:29","date_gmt":"2023-05-09T13:37:29","guid":{"rendered":"https:\/\/dom-glina.hr\/?p=6359"},"modified":"2023-08-05T15:39:12","modified_gmt":"2023-08-05T13:39:12","slug":"tjelesna-aktivnost-u-starijoj-zivotnoj-dobi","status":"publish","type":"post","link":"https:\/\/dom-glina.hr\/?p=6359","title":{"rendered":"Tjelesna aktivnost u starijoj \u017eivotnoj dobi"},"content":{"rendered":"<p>Poslu\u0161ali smo predavanje na temu &#8220;Tjelesna aktivnost u starijoj \u017eivotnoj dobi&#8221;.<br \/>\nGost predava\u010d bio je Dragan Papi\u0107 glavni fizioterapeut Lje\u010dili\u0161ta Topusko.<\/p>\n<p><a href=\"https:\/\/www.facebook.com\/permalink.php?story_fbid=pfbid02DWF27DYWGBvNBKtraEjLRdDmtPu4jQArPfejrqxcBUu1CRiJFDhVRbkq5W3bncsxl&amp;id=100057456069057\"><span style=\"text-decoration: underline; color: #3366ff;\"><em>https:\/\/www.facebook.com\/permalink.php?story_fbid=pfbid02DWF27DYWGBvNBKtraEjLRdDmtPu4jQArPfejrqxcBUu1CRiJFDhVRbkq5W3bncsxl&amp;id=100057456069057<\/em><\/span><\/a><\/p>\n","protected":false},"excerpt":{"rendered":"<p>Poslu\u0161ali smo predavanje na temu &#8220;Tjelesna aktivnost u starijoj \u017eivotnoj dobi&#8221;. Gost predava\u010d bio je Dragan Papi\u0107 glavni fizioterapeut Lje\u010dili\u0161ta Topusko. https:\/\/www.facebook.com\/permalink.php?story_fbid=pfbid02DWF27DYWGBvNBKtraEjLRdDmtPu4jQArPfejrqxcBUu1CRiJFDhVRbkq5W3bncsxl&amp;id=100057456069057<\/p>\n","protected":false},"author":1,"featured_media":6360,"comment_status":"closed","ping_status":"closed","sticky":false,"template":"","format":"standard","meta":{"_monsterinsights_skip_tracking":false,"_monsterinsights_sitenote_active":false,"_monsterinsights_sitenote_note":"","_monsterinsights_sitenote_category":0,"ngg_post_thumbnail":0,"footnotes":""},"categories":[2],"tags":[],"aioseo_notices":[],"_links":{"self":[{"href":"https:\/\/dom-glina.hr\/index.php?rest_route=\/wp\/v2\/posts\/6359"}],"collection":[{"href":"https:\/\/dom-glina.hr\/index.php?rest_route=\/wp\/v2\/posts"}],"about":[{"href":"https:\/\/dom-glina.hr\/index.php?rest_route=\/wp\/v2\/types\/post"}],"author":[{"embeddable":true,"href":"https:\/\/dom-glina.hr\/index.php?rest_route=\/wp\/v2\/users\/1"}],"replies":[{"embeddable":true,"href":"https:\/\/dom-glina.hr\/index.php?rest_route=%2Fwp%2Fv2%2Fcomments&post=6359"}],"version-history":[{"count":1,"href":"https:\/\/dom-glina.hr\/index.php?rest_route=\/wp\/v2\/posts\/6359\/revisions"}],"predecessor-version":[{"id":6361,"href":"https:\/\/dom-glina.hr\/index.php?rest_route=\/wp\/v2\/posts\/6359\/revisions\/6361"}],"wp:featuredmedia":[{"embeddable":true,"href":"https:\/\/dom-glina.hr\/index.php?rest_route=\/wp\/v2\/media\/6360"}],"wp:attachment":[{"href":"https:\/\/dom-glina.hr\/index.php?rest_route=%2Fwp%2Fv2%2Fmedia&parent=6359"}],"wp:term":[{"taxonomy":"category","embeddable":true,"href":"https:\/\/dom-glina.hr\/index.php?rest_route=%2Fwp%2Fv2%2Fcategories&post=6359"},{"taxonomy":"post_tag","embeddable":true,"href":"https:\/\/dom-glina.hr\/index.php?rest_route=%2Fwp%2Fv2%2Ftags&post=6359"}],"curies":[{"name":"wp","href":"https:\/\/api.w.org\/{rel}","templated":true}]}}