{"id":5900,"date":"2022-08-31T07:00:05","date_gmt":"2022-08-31T05:00:05","guid":{"rendered":"https:\/\/dom-glina.hr\/?p=5900"},"modified":"2022-08-29T15:20:24","modified_gmt":"2022-08-29T13:20:24","slug":"natjecaj-za-izbor-i-imenovanje-ravnatelja-ice","status":"publish","type":"post","link":"https:\/\/dom-glina.hr\/?p=5900","title":{"rendered":"Natje\u010daj za izbor i imenovanje ravnatelja-ice"},"content":{"rendered":"<p style=\"text-align: left;\">Na temelju \u010dlanaka 40. i 41. Zakona o ustanovama (\u201eNarodne novine\u201c, broj: 76\/93, 29\/97, 47\/99, 35\/08 i 127\/19), \u010dlanaka 204. i 205. Zakona o socijalnoj skrbi (\u201eNarodne novine\u201c, broj: 18\/22 i 46\/22) i \u010dlanka 30. Statuta Doma za starije osobe Glina, (pro\u010di\u0161\u0107eni tekst), KLASA: 550-01\/19-01\/02, URBROJ: 2176-143-21-5 od 26.velja\u010de 2019. godine i Odluke Upravnog vije\u0107a Doma za starije osobe Glina KLASA:550-01\/22-01\/02 URBROJ:2176-143-22-23 od 29.08.2022.god. Upravno vije\u0107e Doma za starije osobe Glina, raspisuje<\/p>\n<p style=\"text-align: left;\">&nbsp;<\/p>\n<p style=\"text-align: center;\"><strong>N A T J E \u010c A J<\/strong><\/p>\n<p style=\"text-align: center;\"><strong>&nbsp;<\/strong>za izbor i imenovanje ravnatelja Doma za starije osobe Glina<\/p>\n<p style=\"text-align: left;\">&nbsp;<\/p>\n<p style=\"text-align: left;\">Za ravnatelja Doma za starije osobe Glina (u daljnjem tekstu: Dom) mo\u017ee biti imenovana osoba koja ispunjava sljede\u0107e uvjete:<\/p>\n<ol style=\"text-align: left;\">\n<li>zavr\u0161en specijalisti\u010dki diplomski stru\u010dni ili diplomski sveu\u010dili\u0161ni studij odnosno integrirani preddiplomski i diplomski sveu\u010dili\u0161ni studij socijalnog rada, socijalne politike, prava, psihologije, socijalne pedagogije, edukacijske rehabilitacije, logopedije, medicine, sociologije, filozofije, kineziologije, pedagogije, ekonomije, javne uprave, informatike ili zavr\u0161en studij odgovaraju\u0107e vrste za rad na radnom mjestu u\u010ditelja ili nastavnika ili zavr\u0161en studij iz polja likovne ili glazbene umjetnosti<\/li>\n<li>najmanje pet godina radnog iskustva s propisanom kvalifikacijom<\/li>\n<li>dr\u017eavljanstvo Republike Hrvatske<\/li>\n<li>da ne postoji zapreka iz \u010dlanka 261. stavka 1. Zakona o socijalnoj skrbi<\/li>\n<\/ol>\n<p style=\"text-align: left;\">&nbsp;<\/p>\n<p style=\"text-align: left;\">Ravnatelja Doma imenuje Upravno vije\u0107e Doma na mandat od \u010detiri godine, a ista osoba mo\u017ee biti imenovana za ravnatelja.<\/p>\n<p style=\"text-align: left;\">Upravno vije\u0107e Doma \u0107e s izabranim kandidatom za radno mjesto ravnatelja, nakon dono\u0161enja odluke o imenovanju, sklopiti ugovor o radu u punom radnom vremenu na period od \u010detiri godine.<\/p>\n<p style=\"text-align: left;\">&nbsp;<\/p>\n<p style=\"text-align: left;\">Uz pisanu prijavu na natje\u010daj kandidati su du\u017eni dostaviti sljede\u0107u dokumentaciju:<\/p>\n<ol style=\"text-align: left;\">\n<li>\u017eivotopis<\/li>\n<li>dokaz o hrvatskom dr\u017eavljanstvu (preslika domovnice, va\u017ee\u0107e osobne iskaznice, putovnice ili vojne iskaznice)<\/li>\n<li>diploma (ovjerenu presliku kao dokaz o ste\u010denom akademskom zvanju i akademskom stupnju)<\/li>\n<li>dokaz o radnom iskustvu s propisanom kvalifikacijom u trajanju od najmanje pet godina &#8211; potvrda ili uvjerenje poslodavca o ostvarenom radnom iskustvu na poslovima tra\u017eenog akademskog zvanja i akademskog stupnja ili preslike ugovora o radu ili rje\u0161enja&nbsp; &nbsp; &nbsp; &nbsp; &nbsp; &nbsp; &nbsp;<\/li>\n<\/ol>\n<ol style=\"text-align: left;\" start=\"5\">\n<li>dokaz o ukupnom radnom iskustvu (ispis elektroni\u010dkog zapisa o podacima evidentiranim u mati\u010dnoj evidenciji Hrvatskog zavoda za mirovinsko osiguranje ili potvrda o podacima evidentiranim u mati\u010dnoj evidenciji Hrvatskog zavoda za mirovinsko osiguranje),<\/li>\n<li>uvjerenje nadle\u017enog suda da se protiv kandidata ne vodi kazneni postupak, ne starije od 30 dana<\/li>\n<li>program rada i razvoja Doma za mandatno razdoblje od \u010detiri godine<\/li>\n<\/ol>\n<p style=\"text-align: left;\">&nbsp;<\/p>\n<p style=\"text-align: left;\">Na ovaj Natje\u010daj mogu se ravnopravno prijaviti kandidati oba spola, a rije\u010di i pojmovi koji imaju rodno zna\u010denje kori\u0161teni u ovom Natje\u010daju odnose se jednako na mu\u0161ki i \u017eenski rod, bez obzira na to jesu li kori\u0161teni u mu\u0161kom ili \u017eenskom rodu.<\/p>\n<p style=\"text-align: left;\">Kandidat koji prema posebnim zakonima ostvaruje pravo prednosti, mora se u prijavi na natje\u010daj pozvati na to pravo, odnosno uz prijavu prilo\u017eiti svu propisanu dokumentaciju prema posebnom zakonu.<\/p>\n<p style=\"text-align: left;\">Kandidat koji mo\u017ee ostvariti pravo prednosti sukladno \u010dlanku 102. Zakona o hrvatskim braniteljima iz Domovinskog rata i \u010dlanovima njihovih obitelji (Narodne novine, broj 121\/17, 98\/19, 84\/21), \u010dlanku 48.f Zakona o za\u0161titi vojnih i civilnih invalida rata (Narodne novine, broj 33\/92, 57\/92, 77\/92, 27\/93, 58\/93, 2\/94, 76\/94, 108\/95, 108\/96, 82\/01, 103\/03, 148\/13, 98\/19), \u010dlanku 48. Zakona o civilnim stradalnicima iz Domovinskog rata (Narodne novine, broj 84\/21) te \u010dlanku 9. Zakona o profesionalnoj rehabilitaciji i zapo\u0161ljavanju osoba s invaliditetom (Narodne novine, broj 157\/13, 152\/14, 39\/18, 32\/20), du\u017ean se u prijavi na natje\u010daj pozvati na to pravo te ima prednost u odnosu na ostale kandidate samo pod jednakim uvjetima.<\/p>\n<p style=\"text-align: left;\">Da bi kandidat ostvario pravo prednosti pri zapo\u0161ljavanju, osoba iz \u010dlanka 102. stavaka 1. \u2013 3. Zakona o hrvatskim braniteljima iz Domovinskog rata i \u010dlanovima njihovih obitelji (Narodne novine, broj 121\/17, 98\/19, 84\/21) koji u trenutku podno\u0161enja prijave ispunjava uvjete za ostvarivanje toga prava du\u017ean je uz prijavu na natje\u010daj prilo\u017eiti sve dokaze o ispunjavanju tra\u017eenih uvjeta iz natje\u010daja te ovisno o kategoriji koja se poziva na prednost pri zapo\u0161ljavanju prilo\u017eiti sve potrebne dokaze o ispunjavanju uvjeta prednosti prema popisu na web-stranici Ministarstva hrvatskih branitelja &nbsp;putem sljede\u0107e poveznice:<\/p>\n<p style=\"text-align: left;\"><a href=\"https:\/\/branitelji.gov.hr\/zaposljavanje-843\/843\"><span style=\"text-decoration: underline; color: #3366ff;\"><em> https:\/\/branitelji.gov.hr\/zaposljavanje-843\/843<\/em><\/span><\/a><\/p>\n<p style=\"text-align: left;\">Kandidat koji se poziva na pravo prednosti pri zapo\u0161ljavanju u skladu s \u010dlankom 48.f Zakona o za\u0161titi vojnih i civilnih invalida rata (Narodne novine, broj 33\/92, 57\/92, 77\/92, 27\/93, 58\/93, 2\/94, 76\/94, 108\/95, 108\/96, 82\/01, 103\/03, 148\/13, 98\/19), uz prijavu na natje\u010daj du\u017ean je, pored dokaza o ispunjavanju tra\u017eenih uvjeta, prilo\u017eiti i rje\u0161enje, odnosno potvrdu iz koje je vidljivo spomenuto pravo, te dokaz o tome na koji na\u010din je prestao radni odnos.<\/p>\n<p style=\"text-align: left;\">Da bi kandidat ostvario pravo prednosti pri zapo\u0161ljavanju, osoba iz \u010dlanka 48. stavaka 1. \u2013 2. Zakona o civilnim stradalnicima iz Domovinskog rata (Narodne novine, broj 84\/21) koji u trenutku podno\u0161enja prijave ispunjava uvjete za ostvarivanje toga prava du\u017ean je uz prijavu na natje\u010daj prilo\u017eiti sve dokaze o ispunjavanju tra\u017eenih uvjeta iz natje\u010daja te ovisno o kategoriji koja se poziva na prednost pri zapo\u0161ljavanju prilo\u017eiti sve potrebne dokaze o ispunjavanju uvjeta prednosti prema popisu na web-stranici Ministarstva hrvatskih branitelja putem sljede\u0107e poveznice:<\/p>\n<p style=\"text-align: left;\"><a href=\"https:\/\/branitelji.gov.hr\/zaposljavanje-843\/843\"><span style=\"text-decoration: underline; color: #3366ff;\"><em>https:\/\/branitelji.gov.hr\/zaposljavanje-843\/843<\/em><\/span><\/a><\/p>\n<p style=\"text-align: left;\">Kandidat koji se poziva na pravo prednosti pri zapo\u0161ljavanju u skladu s \u010dlankom 9. Zakona o profesionalnoj rehabilitaciji i zapo\u0161ljavanju osoba s invaliditetom (Narodne novine, broj 157\/13, 152\/14, 39\/18, 32\/20), uz prijavu na natje\u010daj du\u017ean je, pored dokaza o ispunjavanju tra\u017eenih uvjeta, prilo\u017eiti i dokaz o utvr\u0111enom statusu osobe s invaliditetom. Dokaz o invaliditetu smatraju se javne isprave na temelju kojih se osoba mo\u017ee upisati u o\u010devidnik zaposlenih osoba s invaliditetom iz \u010dlanka 13. navedenog Zakona.<\/p>\n<p style=\"text-align: left;\">Dokaz da kod pojedinog kandidata ne postoji zapreka iz \u010dlanka 261. stavka 1. Zakona o socijalnoj skrbi, pribavit \u0107e Dom po slu\u017ebenoj du\u017enosti, a temeljem \u010dlanka 261. stavka 2. tog Zakona.<\/p>\n<p style=\"text-align: left;\">Dom za starije osobe Glina koristit \u0107e i dalje obra\u0111ivati podatke u svrhu provedbe natje\u010dajnog postupka sukladno propisima koji reguliraju za\u0161titu osobnih podataka.<br \/>\nPodno\u0161enje prijave na natje\u010daj smatra se pristankom na obradu osobnih podataka.&nbsp;&nbsp;&nbsp;&nbsp;&nbsp;&nbsp;&nbsp;&nbsp;&nbsp;&nbsp;&nbsp;<\/p>\n<p style=\"text-align: left;\">Prijave na natje\u010daj s pripadaju\u0107om dokumentacijom podnose se na adresu:<\/p>\n<p style=\"text-align: left;\">Dom za starije osobe Glina, Trg hrvatskih branitelja 2, P.P. 41., 44 400 Glina, s naznakom: \u00bbNatje\u010daj za ravnatelja \u2013 ne otvarati\u00ab, u roku od <strong>8 dana<\/strong> od dana objave natje\u010daja u Narodnim novinama\u201c.<\/p>\n<p style=\"text-align: left;\">Na natje\u010daj se mogu javiti osobe oba spola sukladno Zakonu o ravnopravnosti spolova.<\/p>\n<p style=\"text-align: left;\">Nepravodobne i nepotpune prijave ne\u0107e se razmatrati.<\/p>\n<p style=\"text-align: left;\">Kandidati \u0107e biti obavije\u0161teni o izboru u roku od 45 dana od isteka roka za podno\u0161enje prijava.<\/p>\n<p style=\"text-align: left;\">&nbsp;<\/p>\n<p style=\"text-align: right;\">DOM ZA STARIJE OSOBE GLINA<\/p>\n<p><a href=\"https:\/\/dom-glina.hr\/wp-content\/uploads\/2022\/08\/Natjecaj-za-izbor-i-imenovanje-ravnatelja-ice.pdf\"><span style=\"text-decoration: underline; color: #3366ff;\"><em>Natjecaj za izbor i imenovanje ravnatelja-ice<\/em><\/span><\/a>&nbsp;(pdf)<\/p>\n","protected":false},"excerpt":{"rendered":"<p>Na temelju \u010dlanaka 40. i 41. Zakona o ustanovama (\u201eNarodne novine\u201c, broj: 76\/93, 29\/97, 47\/99, 35\/08 i 127\/19), \u010dlanaka 204. i 205. Zakona o socijalnoj skrbi (\u201eNarodne novine\u201c, broj: 18\/22 i 46\/22) i \u010dlanka 30. Statuta Doma za starije osobe Glina, (pro\u010di\u0161\u0107eni tekst), KLASA: 550-01\/19-01\/02, URBROJ: 2176-143-21-5 od 26.velja\u010de 2019. godine i Odluke Upravnog vije\u0107a&hellip;<\/p>\n","protected":false},"author":1,"featured_media":0,"comment_status":"closed","ping_status":"closed","sticky":false,"template":"","format":"standard","meta":{"_monsterinsights_skip_tracking":false,"_monsterinsights_sitenote_active":false,"_monsterinsights_sitenote_note":"","_monsterinsights_sitenote_category":0,"ngg_post_thumbnail":0,"footnotes":""},"categories":[37],"tags":[],"aioseo_notices":[],"_links":{"self":[{"href":"https:\/\/dom-glina.hr\/index.php?rest_route=\/wp\/v2\/posts\/5900"}],"collection":[{"href":"https:\/\/dom-glina.hr\/index.php?rest_route=\/wp\/v2\/posts"}],"about":[{"href":"https:\/\/dom-glina.hr\/index.php?rest_route=\/wp\/v2\/types\/post"}],"author":[{"embeddable":true,"href":"https:\/\/dom-glina.hr\/index.php?rest_route=\/wp\/v2\/users\/1"}],"replies":[{"embeddable":true,"href":"https:\/\/dom-glina.hr\/index.php?rest_route=%2Fwp%2Fv2%2Fcomments&post=5900"}],"version-history":[{"count":1,"href":"https:\/\/dom-glina.hr\/index.php?rest_route=\/wp\/v2\/posts\/5900\/revisions"}],"predecessor-version":[{"id":5902,"href":"https:\/\/dom-glina.hr\/index.php?rest_route=\/wp\/v2\/posts\/5900\/revisions\/5902"}],"wp:attachment":[{"href":"https:\/\/dom-glina.hr\/index.php?rest_route=%2Fwp%2Fv2%2Fmedia&parent=5900"}],"wp:term":[{"taxonomy":"category","embeddable":true,"href":"https:\/\/dom-glina.hr\/index.php?rest_route=%2Fwp%2Fv2%2Fcategories&post=5900"},{"taxonomy":"post_tag","embeddable":true,"href":"https:\/\/dom-glina.hr\/index.php?rest_route=%2Fwp%2Fv2%2Ftags&post=5900"}],"curies":[{"name":"wp","href":"https:\/\/api.w.org\/{rel}","templated":true}]}}